{"id":1149,"date":"2021-03-24T15:23:33","date_gmt":"2021-03-24T14:23:33","guid":{"rendered":"https:\/\/dieze13.com\/blog\/?p=1149"},"modified":"2021-03-24T21:20:43","modified_gmt":"2021-03-24T20:20:43","slug":"des-meringues-de-paques-pour-accompagner-le-cafe-%f0%9f%90%b0","status":"publish","type":"post","link":"https:\/\/dieze13.com\/blog\/des-meringues-de-paques-pour-accompagner-le-cafe-%f0%9f%90%b0\/","title":{"rendered":"Des meringues de P\u00e2ques pour accompagner le caf\u00e9 ? \ud83d\udc30"},"content":{"rendered":"\n<p>Coucou, aujourd&rsquo;hui c&rsquo;est mercredi ! Je vous propose une recette de petites gourmandises simples \u00e0 faire, et qui devraient amuser les enfants : les meringues de P\u00e2ques. <\/p>\n\n\n\n<p>Il me restait des blancs d&rsquo;oeuf, cela aurait \u00e9t\u00e9 dommage de les jeter !<br>Alors, j&rsquo;ai pris ma recette de meringues facile <a href=\"https:\/\/www.marmiton.org\/recettes\/recette_meringue-pour-les-nuls_36610.aspx\" target=\"_blank\" rel=\"noreferrer noopener\">Marmiton<\/a> que j&rsquo;utilise depuis bien longtemps \ud83d\ude42 Une poche \u00e0 douille et hop ! A nous les petits lapinous \u00e0 d\u00e9vorer \ud83d\udc30\ud83d\udc30\ud83d\udc30<\/p>\n\n\n\n<h3 class=\"wp-block-heading\">Les ingr\u00e9dients des meringues de p\u00e2ques<\/h3>\n\n\n\n<ul class=\"wp-block-list\"><li>4 blanc d&rsquo;oeufs<\/li><li>250g de sucre en poudre<\/li><\/ul>\n\n\n\n<h3 class=\"wp-block-heading\">Les \u00e9tapes de la pr\u00e9paration <\/h3>\n\n\n\n<ol class=\"wp-block-list\"><li>Commencez \u00e0 fouetter vos blancs d&rsquo;oeufs<\/li><li>D\u00e8s qu&rsquo;ils commencent \u00e0 devenir mousseux, ajoutez petit \u00e0 petit le sucre en continuant de fouetter<\/li><li>Fouettez encore pendant 2 \u00e0 3 minutes<\/li><li>Mettez votre meringue dans une poche \u00e0 douille <\/li><li>Pochez vos lapins : d&rsquo;abord les oreilles et ensuite la t\u00eate au dessus de l&rsquo;extr\u00e9mit\u00e9 basse de vos oreilles.<\/li><li>Terminez en d\u00e9posant une petite d\u00e9coration en sucre en guise de museau : un petit coeur, une \u00e9toile, une bille &#8230;<\/li><li>Enfournez pour une heure dans un four pr\u00e9chauff\u00e9 \u00e0 90\u00b0<\/li><li>Laissez refroidir, puis, si vous le souhaitez, dessinez les yeux avec un stylo alimentaire, vous pouvez \u00e9galement rosir les oreilles de vos lapins gr\u00e2ce \u00e0 de la poudre iris\u00e9e rouge.<\/li><\/ol>\n\n\n\n<p>Laissez aller votre imagination et n&rsquo;h\u00e9sitez pas \u00e0 partagez vos photos de meringues !<\/p>\n\n\n\n<figure class=\"wp-block-gallery columns-2 is-cropped wp-block-gallery-1 is-layout-flex wp-block-gallery-is-layout-flex\"><ul class=\"blocks-gallery-grid\"><li class=\"blocks-gallery-item\"><figure><a href=\"https:\/\/dieze13.com\/blog\/wp-content\/uploads\/2021\/03\/MeringuesLapins2-scaled.jpg\"><img loading=\"lazy\" decoding=\"async\" width=\"1024\" height=\"1024\" src=\"https:\/\/dieze13.com\/blog\/wp-content\/uploads\/2021\/03\/MeringuesLapins2-1024x1024.jpg\" alt=\"Plat de meringues de p\u00e2ques\" data-id=\"1151\" data-full-url=\"https:\/\/dieze13.com\/blog\/wp-content\/uploads\/2021\/03\/MeringuesLapins2-scaled.jpg\" data-link=\"https:\/\/dieze13.com\/blog\/?attachment_id=1151\" class=\"wp-image-1151\" srcset=\"https:\/\/dieze13.com\/blog\/wp-content\/uploads\/2021\/03\/MeringuesLapins2-1024x1024.jpg 1024w, https:\/\/dieze13.com\/blog\/wp-content\/uploads\/2021\/03\/MeringuesLapins2-300x300.jpg 300w, https:\/\/dieze13.com\/blog\/wp-content\/uploads\/2021\/03\/MeringuesLapins2-150x150.jpg 150w, https:\/\/dieze13.com\/blog\/wp-content\/uploads\/2021\/03\/MeringuesLapins2-768x768.jpg 768w, https:\/\/dieze13.com\/blog\/wp-content\/uploads\/2021\/03\/MeringuesLapins2-1536x1536.jpg 1536w, https:\/\/dieze13.com\/blog\/wp-content\/uploads\/2021\/03\/MeringuesLapins2-2048x2048.jpg 2048w, https:\/\/dieze13.com\/blog\/wp-content\/uploads\/2021\/03\/MeringuesLapins2-60x60.jpg 60w\" sizes=\"auto, (max-width: 1024px) 100vw, 1024px\" \/><\/a><\/figure><\/li><li class=\"blocks-gallery-item\"><figure><a href=\"https:\/\/dieze13.com\/blog\/wp-content\/uploads\/2021\/03\/MeringuesLapins3-scaled.jpg\"><img loading=\"lazy\" decoding=\"async\" width=\"1024\" height=\"1024\" src=\"https:\/\/dieze13.com\/blog\/wp-content\/uploads\/2021\/03\/MeringuesLapins3-1024x1024.jpg\" alt=\"zoom meringue lapin\" data-id=\"1150\" data-full-url=\"https:\/\/dieze13.com\/blog\/wp-content\/uploads\/2021\/03\/MeringuesLapins3-scaled.jpg\" data-link=\"https:\/\/dieze13.com\/blog\/?attachment_id=1150\" class=\"wp-image-1150\" srcset=\"https:\/\/dieze13.com\/blog\/wp-content\/uploads\/2021\/03\/MeringuesLapins3-1024x1024.jpg 1024w, https:\/\/dieze13.com\/blog\/wp-content\/uploads\/2021\/03\/MeringuesLapins3-300x300.jpg 300w, https:\/\/dieze13.com\/blog\/wp-content\/uploads\/2021\/03\/MeringuesLapins3-150x150.jpg 150w, https:\/\/dieze13.com\/blog\/wp-content\/uploads\/2021\/03\/MeringuesLapins3-768x768.jpg 768w, https:\/\/dieze13.com\/blog\/wp-content\/uploads\/2021\/03\/MeringuesLapins3-1536x1536.jpg 1536w, https:\/\/dieze13.com\/blog\/wp-content\/uploads\/2021\/03\/MeringuesLapins3-2048x2048.jpg 2048w, https:\/\/dieze13.com\/blog\/wp-content\/uploads\/2021\/03\/MeringuesLapins3-60x60.jpg 60w\" sizes=\"auto, (max-width: 1024px) 100vw, 1024px\" \/><\/a><\/figure><\/li><\/ul><\/figure>\n","protected":false},"excerpt":{"rendered":"<p>Coucou, aujourd&rsquo;hui c&rsquo;est mercredi ! Je vous propose une recette de petites gourmandises simples \u00e0 faire, et qui devraient amuser les enfants : les meringues de P\u00e2ques. Il me restait des blancs d&rsquo;oeuf, cela aurait \u00e9t\u00e9 dommage de les jeter !Alors, j&rsquo;ai pris ma recette de meringues facile Marmiton que j&rsquo;utilise depuis bien longtemps \ud83d\ude42 &hellip; <\/p>\n","protected":false},"author":1,"featured_media":1152,"comment_status":"open","ping_status":"open","sticky":false,"template":"","format":"standard","meta":{"_monsterinsights_skip_tracking":false,"_monsterinsights_sitenote_active":false,"_monsterinsights_sitenote_note":"","_monsterinsights_sitenote_category":0,"footnotes":""},"categories":[4],"tags":[61,27],"class_list":["post-1149","post","type-post","status-publish","format-standard","has-post-thumbnail","hentry","category-paques","tag-lapin","tag-meringue"],"yoast_head":"<!-- This site is optimized with the Yoast SEO plugin v24.9 - https:\/\/yoast.com\/wordpress\/plugins\/seo\/ -->\n<title>Des meringues de P\u00e2ques pour accompagner le caf\u00e9 ? \ud83d\udc30<\/title>\n<meta name=\"description\" content=\"On transforme les meringues en meringues de P\u00e2ques pour accompagner le caf\u00e9 ce week-end ! \u00e7a vous tente ? Suivez la recette !\" \/>\n<meta name=\"robots\" content=\"index, follow, max-snippet:-1, max-image-preview:large, max-video-preview:-1\" \/>\n<link rel=\"canonical\" href=\"https:\/\/dieze13.com\/blog\/des-meringues-de-paques-pour-accompagner-le-cafe-\ud83d\udc30\/\" \/>\n<meta property=\"og:locale\" content=\"fr_FR\" \/>\n<meta property=\"og:type\" content=\"article\" \/>\n<meta property=\"og:title\" content=\"Des meringues de P\u00e2ques pour accompagner le caf\u00e9 ? \ud83d\udc30\" \/>\n<meta property=\"og:description\" content=\"On transforme les meringues en meringues de P\u00e2ques pour accompagner le caf\u00e9 ce week-end ! \u00e7a vous tente ? Suivez la recette !\" \/>\n<meta property=\"og:url\" content=\"https:\/\/dieze13.com\/blog\/des-meringues-de-paques-pour-accompagner-le-cafe-\ud83d\udc30\/\" \/>\n<meta property=\"og:site_name\" content=\"Gourmandises dans la cuisine\" \/>\n<meta property=\"article:published_time\" content=\"2021-03-24T14:23:33+00:00\" \/>\n<meta property=\"article:modified_time\" content=\"2021-03-24T20:20:43+00:00\" \/>\n<meta property=\"og:image\" content=\"https:\/\/dieze13.com\/blog\/wp-content\/uploads\/2021\/03\/MeringuesLapins-scaled.jpg\" \/>\n\t<meta property=\"og:image:width\" content=\"2560\" \/>\n\t<meta property=\"og:image:height\" content=\"2560\" \/>\n\t<meta property=\"og:image:type\" content=\"image\/jpeg\" \/>\n<meta name=\"author\" content=\"Marie\" \/>\n<meta name=\"twitter:card\" content=\"summary_large_image\" \/>\n<meta name=\"twitter:label1\" content=\"\u00c9crit par\" \/>\n\t<meta name=\"twitter:data1\" content=\"Marie\" \/>\n\t<meta name=\"twitter:label2\" content=\"Dur\u00e9e de lecture estim\u00e9e\" \/>\n\t<meta name=\"twitter:data2\" content=\"2 minutes\" \/>\n<script type=\"application\/ld+json\" class=\"yoast-schema-graph\">{\"@context\":\"https:\/\/schema.org\",\"@graph\":[{\"@type\":\"Article\",\"@id\":\"https:\/\/dieze13.com\/blog\/des-meringues-de-paques-pour-accompagner-le-cafe-%f0%9f%90%b0\/#article\",\"isPartOf\":{\"@id\":\"https:\/\/dieze13.com\/blog\/des-meringues-de-paques-pour-accompagner-le-cafe-%f0%9f%90%b0\/\"},\"author\":{\"name\":\"Marie\",\"@id\":\"https:\/\/dieze13.com\/blog\/#\/schema\/person\/5cf0acd276e3e6de727a9d5a3725aad9\"},\"headline\":\"Des meringues de P\u00e2ques pour accompagner le caf\u00e9 ? \ud83d\udc30\",\"datePublished\":\"2021-03-24T14:23:33+00:00\",\"dateModified\":\"2021-03-24T20:20:43+00:00\",\"mainEntityOfPage\":{\"@id\":\"https:\/\/dieze13.com\/blog\/des-meringues-de-paques-pour-accompagner-le-cafe-%f0%9f%90%b0\/\"},\"wordCount\":219,\"commentCount\":0,\"publisher\":{\"@id\":\"https:\/\/dieze13.com\/blog\/#\/schema\/person\/5cf0acd276e3e6de727a9d5a3725aad9\"},\"image\":{\"@id\":\"https:\/\/dieze13.com\/blog\/des-meringues-de-paques-pour-accompagner-le-cafe-%f0%9f%90%b0\/#primaryimage\"},\"thumbnailUrl\":\"https:\/\/dieze13.com\/blog\/wp-content\/uploads\/2021\/03\/MeringuesLapins-scaled.jpg\",\"keywords\":[\"lapin\",\"meringue\"],\"articleSection\":[\"\ud83d\udc25P\u00e2ques\"],\"inLanguage\":\"fr-FR\",\"potentialAction\":[{\"@type\":\"CommentAction\",\"name\":\"Comment\",\"target\":[\"https:\/\/dieze13.com\/blog\/des-meringues-de-paques-pour-accompagner-le-cafe-%f0%9f%90%b0\/#respond\"]}]},{\"@type\":\"WebPage\",\"@id\":\"https:\/\/dieze13.com\/blog\/des-meringues-de-paques-pour-accompagner-le-cafe-%f0%9f%90%b0\/\",\"url\":\"https:\/\/dieze13.com\/blog\/des-meringues-de-paques-pour-accompagner-le-cafe-%f0%9f%90%b0\/\",\"name\":\"Des meringues de P\u00e2ques pour accompagner le caf\u00e9 ? \ud83d\udc30\",\"isPartOf\":{\"@id\":\"https:\/\/dieze13.com\/blog\/#website\"},\"primaryImageOfPage\":{\"@id\":\"https:\/\/dieze13.com\/blog\/des-meringues-de-paques-pour-accompagner-le-cafe-%f0%9f%90%b0\/#primaryimage\"},\"image\":{\"@id\":\"https:\/\/dieze13.com\/blog\/des-meringues-de-paques-pour-accompagner-le-cafe-%f0%9f%90%b0\/#primaryimage\"},\"thumbnailUrl\":\"https:\/\/dieze13.com\/blog\/wp-content\/uploads\/2021\/03\/MeringuesLapins-scaled.jpg\",\"datePublished\":\"2021-03-24T14:23:33+00:00\",\"dateModified\":\"2021-03-24T20:20:43+00:00\",\"description\":\"On transforme les meringues en meringues de P\u00e2ques pour accompagner le caf\u00e9 ce week-end ! \u00e7a vous tente ? Suivez la recette !\",\"breadcrumb\":{\"@id\":\"https:\/\/dieze13.com\/blog\/des-meringues-de-paques-pour-accompagner-le-cafe-%f0%9f%90%b0\/#breadcrumb\"},\"inLanguage\":\"fr-FR\",\"potentialAction\":[{\"@type\":\"ReadAction\",\"target\":[\"https:\/\/dieze13.com\/blog\/des-meringues-de-paques-pour-accompagner-le-cafe-%f0%9f%90%b0\/\"]}]},{\"@type\":\"ImageObject\",\"inLanguage\":\"fr-FR\",\"@id\":\"https:\/\/dieze13.com\/blog\/des-meringues-de-paques-pour-accompagner-le-cafe-%f0%9f%90%b0\/#primaryimage\",\"url\":\"https:\/\/dieze13.com\/blog\/wp-content\/uploads\/2021\/03\/MeringuesLapins-scaled.jpg\",\"contentUrl\":\"https:\/\/dieze13.com\/blog\/wp-content\/uploads\/2021\/03\/MeringuesLapins-scaled.jpg\",\"width\":2560,\"height\":2560,\"caption\":\"Meringues de P\u00e2ques au jardin\"},{\"@type\":\"BreadcrumbList\",\"@id\":\"https:\/\/dieze13.com\/blog\/des-meringues-de-paques-pour-accompagner-le-cafe-%f0%9f%90%b0\/#breadcrumb\",\"itemListElement\":[{\"@type\":\"ListItem\",\"position\":1,\"name\":\"Accueil\",\"item\":\"https:\/\/dieze13.com\/blog\/\"},{\"@type\":\"ListItem\",\"position\":2,\"name\":\"Des meringues de P\u00e2ques pour accompagner le caf\u00e9 ? \ud83d\udc30\"}]},{\"@type\":\"WebSite\",\"@id\":\"https:\/\/dieze13.com\/blog\/#website\",\"url\":\"https:\/\/dieze13.com\/blog\/\",\"name\":\"Gourmandises dans la cuisine\",\"description\":\"\",\"publisher\":{\"@id\":\"https:\/\/dieze13.com\/blog\/#\/schema\/person\/5cf0acd276e3e6de727a9d5a3725aad9\"},\"potentialAction\":[{\"@type\":\"SearchAction\",\"target\":{\"@type\":\"EntryPoint\",\"urlTemplate\":\"https:\/\/dieze13.com\/blog\/?s={search_term_string}\"},\"query-input\":{\"@type\":\"PropertyValueSpecification\",\"valueRequired\":true,\"valueName\":\"search_term_string\"}}],\"inLanguage\":\"fr-FR\"},{\"@type\":[\"Person\",\"Organization\"],\"@id\":\"https:\/\/dieze13.com\/blog\/#\/schema\/person\/5cf0acd276e3e6de727a9d5a3725aad9\",\"name\":\"Marie\",\"image\":{\"@type\":\"ImageObject\",\"inLanguage\":\"fr-FR\",\"@id\":\"https:\/\/dieze13.com\/blog\/#\/schema\/person\/image\/\",\"url\":\"https:\/\/dieze13.com\/blog\/wp-content\/uploads\/2020\/11\/cropped-cropped-cropped-cropped-Logo-Site-e1606683405507.png\",\"contentUrl\":\"https:\/\/dieze13.com\/blog\/wp-content\/uploads\/2020\/11\/cropped-cropped-cropped-cropped-Logo-Site-e1606683405507.png\",\"width\":70,\"height\":70,\"caption\":\"Marie\"},\"logo\":{\"@id\":\"https:\/\/dieze13.com\/blog\/#\/schema\/person\/image\/\"}}]}<\/script>\n<!-- \/ Yoast SEO plugin. -->","yoast_head_json":{"title":"Des meringues de P\u00e2ques pour accompagner le caf\u00e9 ? \ud83d\udc30","description":"On transforme les meringues en meringues de P\u00e2ques pour accompagner le caf\u00e9 ce week-end ! \u00e7a vous tente ? Suivez la recette !","robots":{"index":"index","follow":"follow","max-snippet":"max-snippet:-1","max-image-preview":"max-image-preview:large","max-video-preview":"max-video-preview:-1"},"canonical":"https:\/\/dieze13.com\/blog\/des-meringues-de-paques-pour-accompagner-le-cafe-\ud83d\udc30\/","og_locale":"fr_FR","og_type":"article","og_title":"Des meringues de P\u00e2ques pour accompagner le caf\u00e9 ? \ud83d\udc30","og_description":"On transforme les meringues en meringues de P\u00e2ques pour accompagner le caf\u00e9 ce week-end ! \u00e7a vous tente ? Suivez la recette !","og_url":"https:\/\/dieze13.com\/blog\/des-meringues-de-paques-pour-accompagner-le-cafe-\ud83d\udc30\/","og_site_name":"Gourmandises dans la cuisine","article_published_time":"2021-03-24T14:23:33+00:00","article_modified_time":"2021-03-24T20:20:43+00:00","og_image":[{"width":2560,"height":2560,"url":"https:\/\/dieze13.com\/blog\/wp-content\/uploads\/2021\/03\/MeringuesLapins-scaled.jpg","type":"image\/jpeg"}],"author":"Marie","twitter_card":"summary_large_image","twitter_misc":{"\u00c9crit par":"Marie","Dur\u00e9e de lecture estim\u00e9e":"2 minutes"},"schema":{"@context":"https:\/\/schema.org","@graph":[{"@type":"Article","@id":"https:\/\/dieze13.com\/blog\/des-meringues-de-paques-pour-accompagner-le-cafe-%f0%9f%90%b0\/#article","isPartOf":{"@id":"https:\/\/dieze13.com\/blog\/des-meringues-de-paques-pour-accompagner-le-cafe-%f0%9f%90%b0\/"},"author":{"name":"Marie","@id":"https:\/\/dieze13.com\/blog\/#\/schema\/person\/5cf0acd276e3e6de727a9d5a3725aad9"},"headline":"Des meringues de P\u00e2ques pour accompagner le caf\u00e9 ? \ud83d\udc30","datePublished":"2021-03-24T14:23:33+00:00","dateModified":"2021-03-24T20:20:43+00:00","mainEntityOfPage":{"@id":"https:\/\/dieze13.com\/blog\/des-meringues-de-paques-pour-accompagner-le-cafe-%f0%9f%90%b0\/"},"wordCount":219,"commentCount":0,"publisher":{"@id":"https:\/\/dieze13.com\/blog\/#\/schema\/person\/5cf0acd276e3e6de727a9d5a3725aad9"},"image":{"@id":"https:\/\/dieze13.com\/blog\/des-meringues-de-paques-pour-accompagner-le-cafe-%f0%9f%90%b0\/#primaryimage"},"thumbnailUrl":"https:\/\/dieze13.com\/blog\/wp-content\/uploads\/2021\/03\/MeringuesLapins-scaled.jpg","keywords":["lapin","meringue"],"articleSection":["\ud83d\udc25P\u00e2ques"],"inLanguage":"fr-FR","potentialAction":[{"@type":"CommentAction","name":"Comment","target":["https:\/\/dieze13.com\/blog\/des-meringues-de-paques-pour-accompagner-le-cafe-%f0%9f%90%b0\/#respond"]}]},{"@type":"WebPage","@id":"https:\/\/dieze13.com\/blog\/des-meringues-de-paques-pour-accompagner-le-cafe-%f0%9f%90%b0\/","url":"https:\/\/dieze13.com\/blog\/des-meringues-de-paques-pour-accompagner-le-cafe-%f0%9f%90%b0\/","name":"Des meringues de P\u00e2ques pour accompagner le caf\u00e9 ? \ud83d\udc30","isPartOf":{"@id":"https:\/\/dieze13.com\/blog\/#website"},"primaryImageOfPage":{"@id":"https:\/\/dieze13.com\/blog\/des-meringues-de-paques-pour-accompagner-le-cafe-%f0%9f%90%b0\/#primaryimage"},"image":{"@id":"https:\/\/dieze13.com\/blog\/des-meringues-de-paques-pour-accompagner-le-cafe-%f0%9f%90%b0\/#primaryimage"},"thumbnailUrl":"https:\/\/dieze13.com\/blog\/wp-content\/uploads\/2021\/03\/MeringuesLapins-scaled.jpg","datePublished":"2021-03-24T14:23:33+00:00","dateModified":"2021-03-24T20:20:43+00:00","description":"On transforme les meringues en meringues de P\u00e2ques pour accompagner le caf\u00e9 ce week-end ! \u00e7a vous tente ? Suivez la recette !","breadcrumb":{"@id":"https:\/\/dieze13.com\/blog\/des-meringues-de-paques-pour-accompagner-le-cafe-%f0%9f%90%b0\/#breadcrumb"},"inLanguage":"fr-FR","potentialAction":[{"@type":"ReadAction","target":["https:\/\/dieze13.com\/blog\/des-meringues-de-paques-pour-accompagner-le-cafe-%f0%9f%90%b0\/"]}]},{"@type":"ImageObject","inLanguage":"fr-FR","@id":"https:\/\/dieze13.com\/blog\/des-meringues-de-paques-pour-accompagner-le-cafe-%f0%9f%90%b0\/#primaryimage","url":"https:\/\/dieze13.com\/blog\/wp-content\/uploads\/2021\/03\/MeringuesLapins-scaled.jpg","contentUrl":"https:\/\/dieze13.com\/blog\/wp-content\/uploads\/2021\/03\/MeringuesLapins-scaled.jpg","width":2560,"height":2560,"caption":"Meringues de P\u00e2ques au jardin"},{"@type":"BreadcrumbList","@id":"https:\/\/dieze13.com\/blog\/des-meringues-de-paques-pour-accompagner-le-cafe-%f0%9f%90%b0\/#breadcrumb","itemListElement":[{"@type":"ListItem","position":1,"name":"Accueil","item":"https:\/\/dieze13.com\/blog\/"},{"@type":"ListItem","position":2,"name":"Des meringues de P\u00e2ques pour accompagner le caf\u00e9 ? \ud83d\udc30"}]},{"@type":"WebSite","@id":"https:\/\/dieze13.com\/blog\/#website","url":"https:\/\/dieze13.com\/blog\/","name":"Gourmandises dans la cuisine","description":"","publisher":{"@id":"https:\/\/dieze13.com\/blog\/#\/schema\/person\/5cf0acd276e3e6de727a9d5a3725aad9"},"potentialAction":[{"@type":"SearchAction","target":{"@type":"EntryPoint","urlTemplate":"https:\/\/dieze13.com\/blog\/?s={search_term_string}"},"query-input":{"@type":"PropertyValueSpecification","valueRequired":true,"valueName":"search_term_string"}}],"inLanguage":"fr-FR"},{"@type":["Person","Organization"],"@id":"https:\/\/dieze13.com\/blog\/#\/schema\/person\/5cf0acd276e3e6de727a9d5a3725aad9","name":"Marie","image":{"@type":"ImageObject","inLanguage":"fr-FR","@id":"https:\/\/dieze13.com\/blog\/#\/schema\/person\/image\/","url":"https:\/\/dieze13.com\/blog\/wp-content\/uploads\/2020\/11\/cropped-cropped-cropped-cropped-Logo-Site-e1606683405507.png","contentUrl":"https:\/\/dieze13.com\/blog\/wp-content\/uploads\/2020\/11\/cropped-cropped-cropped-cropped-Logo-Site-e1606683405507.png","width":70,"height":70,"caption":"Marie"},"logo":{"@id":"https:\/\/dieze13.com\/blog\/#\/schema\/person\/image\/"}}]}},"_links":{"self":[{"href":"https:\/\/dieze13.com\/blog\/wp-json\/wp\/v2\/posts\/1149","targetHints":{"allow":["GET"]}}],"collection":[{"href":"https:\/\/dieze13.com\/blog\/wp-json\/wp\/v2\/posts"}],"about":[{"href":"https:\/\/dieze13.com\/blog\/wp-json\/wp\/v2\/types\/post"}],"author":[{"embeddable":true,"href":"https:\/\/dieze13.com\/blog\/wp-json\/wp\/v2\/users\/1"}],"replies":[{"embeddable":true,"href":"https:\/\/dieze13.com\/blog\/wp-json\/wp\/v2\/comments?post=1149"}],"version-history":[{"count":3,"href":"https:\/\/dieze13.com\/blog\/wp-json\/wp\/v2\/posts\/1149\/revisions"}],"predecessor-version":[{"id":1155,"href":"https:\/\/dieze13.com\/blog\/wp-json\/wp\/v2\/posts\/1149\/revisions\/1155"}],"wp:featuredmedia":[{"embeddable":true,"href":"https:\/\/dieze13.com\/blog\/wp-json\/wp\/v2\/media\/1152"}],"wp:attachment":[{"href":"https:\/\/dieze13.com\/blog\/wp-json\/wp\/v2\/media?parent=1149"}],"wp:term":[{"taxonomy":"category","embeddable":true,"href":"https:\/\/dieze13.com\/blog\/wp-json\/wp\/v2\/categories?post=1149"},{"taxonomy":"post_tag","embeddable":true,"href":"https:\/\/dieze13.com\/blog\/wp-json\/wp\/v2\/tags?post=1149"}],"curies":[{"name":"wp","href":"https:\/\/api.w.org\/{rel}","templated":true}]}}