{"id":1230,"date":"2021-04-17T14:36:05","date_gmt":"2021-04-17T12:36:05","guid":{"rendered":"https:\/\/dieze13.com\/blog\/?p=1230"},"modified":"2021-04-17T14:36:11","modified_gmt":"2021-04-17T12:36:11","slug":"un-fraisier-japonais-pour-les-13-ans-de-mon-loulou","status":"publish","type":"post","link":"https:\/\/dieze13.com\/blog\/un-fraisier-japonais-pour-les-13-ans-de-mon-loulou\/","title":{"rendered":"Un fraisier japonais pour les 13 ans de mon loulou"},"content":{"rendered":"\n<p>Aujourd&rsquo;hui, mon petit dernier a 13 ans, d\u00e9j\u00e0 !! Comme chaque ann\u00e9e, il peut choisir les saveurs de son g\u00e2teau d&rsquo;anniversaire&#8230; et il voulait un fraisier \ud83c\udf53 Pour changer du traditionnel fraisier avec une cr\u00e8me mousseline ou diplomate, j&rsquo;ai choisi de faire un fraisier japonais. Ce dernier est constitu\u00e9 d&rsquo;une g\u00e9noise vanill\u00e9e moelleuse et d&rsquo;une cr\u00e8me chantilly mascarpone vanill\u00e9e pour plus de l\u00e9g\u00e8ret\u00e9.<\/p>\n\n\n\n<p>Cette recette est issue du magazine <a href=\"https:\/\/www.instagram.com\/foudepatisserie\/\" target=\"_blank\" rel=\"noreferrer noopener\">Fou de P\u00e2tisserie<\/a> \ud83d\ude0a<\/p>\n\n\n\n<h2 class=\"wp-block-heading\">La recette de la g\u00e9noise, base du fraisier japonais<\/h2>\n\n\n\n<p><em>La g\u00e9noise peut \u00eatre pr\u00e9par\u00e9e la veille sans probl\u00e8me !<\/em><\/p>\n\n\n\n<h3 class=\"wp-block-heading\">Les ingr\u00e9dients de la g\u00e9noise<\/h3>\n\n\n\n<ul class=\"wp-block-list\"><li>4 oeufs<\/li><li>120g de sucre en poudre<\/li><li>3 cuill\u00e8res \u00e0 soupe de lait<\/li><li>1\/2 cuill\u00e8re caf\u00e9 d&rsquo;extrait de vanille<\/li><li>120g de farine tamis\u00e9e<\/li><\/ul>\n\n\n\n<h3 class=\"wp-block-heading\">Les \u00e9tapes de la recette <\/h3>\n\n\n\n<ol class=\"wp-block-list\"><li><em>Pr\u00e9chauffez le four \u00e0 180\u00b0<\/em><\/li><li>Graissez un moule \u00e0 manqu\u00e9 de 20cm de diam\u00e8tre, doublez sa hauteur avec du papier sulfuris\u00e9 (j&rsquo;ai oubli\u00e9 de le faire) et posez le sur une plaque recouverte de papier sulfuris\u00e9.<\/li><li>Fouettez les blancs en neige souple.\u00a0<\/li><li>Quand ils sont mont\u00e9s, ajoutez le sucre sans cesser de fouetter jusqu\u2019\u00e0 l\u2019obtention d\u2019une meringue brillante.<\/li><li>Ajoutez les jaunes d\u2019oeufs battus en filet, sans cesser de fouetter.\u00a0<\/li><li>Versez le lait, l\u2019extrait de vanille puis la farine tamis\u00e9e en m\u00e9langeant d\u00e9licatement avec une maryse.\u00a0\u00a0<\/li><li>Versez la p\u00e2te dans le moule, tapotez le contre le plan de travail pour bien lisser la p\u00e2te et enfournez pour 30 minutes environ.<em>La lame d\u2019un couteau plant\u00e9e au centre du g\u00e2teau doit en ressortir s\u00e8che. <\/em><\/li><li>\u00c0 la sortie du four, d\u00e9moulez et laissez refroidir sur une grille.<\/li><\/ol>\n\n\n\n<h2 class=\"wp-block-heading\">La recette de la chantilly mascarpone<\/h2>\n\n\n\n<h3 class=\"wp-block-heading\">Les ingr\u00e9dients de la g\u00e9noise <\/h3>\n\n\n\n<ul class=\"wp-block-list\"><li>250g de cr\u00e8me fluide enti\u00e8re<\/li><li>150g de mascarpone<\/li><li>45g de sucre glace<\/li><li>1\/2 cuill\u00e8re caf\u00e9 d&rsquo;extrait de vanille<\/li><\/ul>\n\n\n\n<h3 class=\"wp-block-heading\">Les \u00e9tapes de la pr\u00e9paration <\/h3>\n\n\n\n<ol class=\"wp-block-list\"><li>Dans un saladier, ou dans le bol de votre robot, versez la cr\u00e8me tr\u00e8s froide, le mascarpone, le sucre glace et l&rsquo;extrait de vanille.<\/li><li>Fouettez jusqu&rsquo;\u00e0 obtenir une chantilly bien ferme<\/li><\/ol>\n\n\n\n<h2 class=\"wp-block-heading\">Le montage de votre fraisier japonais<\/h2>\n\n\n\n<h3 class=\"wp-block-heading\">Les ingr\u00e9dients n\u00e9cessaires <\/h3>\n\n\n\n<ul class=\"wp-block-list\"><li>250g de fraises lav\u00e9es et \u00e9queut\u00e9es et essuy\u00e9es<\/li><li>50ml d&rsquo;eau<\/li><li>50g de sucre <\/li><li>1\/2 cuill\u00e8re \u00e0 caf\u00e9 d&rsquo;extrait de vanille<\/li><\/ul>\n\n\n\n<h3 class=\"wp-block-heading\">Les \u00e9tapes du montage<\/h3>\n\n\n\n<ol class=\"wp-block-list\"><li>Pr\u00e9parez le sirop : Versez l\u2019eau dans une casserole, puis le sucre.\u00a0Portez \u00e0 \u00e9bullition, retirez du feu et laissez refroidir.<\/li><li>Coupez le g\u00e2teau refroidi en deux de fa\u00e7on \u00e0 obtenir deux disques de g\u00e9noise et imbibez les avec le sirop \u00e0 l&rsquo;aide d&rsquo;un pinceau.<\/li><li>Posez la moiti\u00e9 inf\u00e9rieure de la g\u00e9noise sur le plat de service, tartinez la d\u2019une fine couche de chantilly et recouvrez la de morceaux de fraises. <em>Gardez quelques fraises pour la d\u00e9co !<\/em><\/li><li>Nappez d\u2019une g\u00e9n\u00e9reuse couche de chantilly et posez par dessus l\u2019autre g\u00e9noise.\u00a0Tartinez le dessus de la g\u00e9noise et les contours du g\u00e2teau avec la chantilly. Lissez bien avec une spatule.\u00a0<\/li><li>Mettez la chantilly restante dans une poche \u00e0 douille munie de la douille de votre choix et d\u00e9corez votre fraisier japonais. <em>Ici, j&rsquo;ai choisi de pocher la chantilly avec une douille \u00e0 St Honor\u00e9.<\/em><\/li><li>R\u00e9servez le g\u00e2teau 2h au r\u00e9frig\u00e9rateur avant d\u00e9gustation !<\/li><\/ol>\n\n\n\n<figure class=\"wp-block-gallery columns-3 is-cropped wp-block-gallery-1 is-layout-flex wp-block-gallery-is-layout-flex\"><ul class=\"blocks-gallery-grid\"><li class=\"blocks-gallery-item\"><figure><a href=\"https:\/\/dieze13.com\/blog\/wp-content\/uploads\/2021\/04\/FraisierJaponais-scaled.jpg\"><img loading=\"lazy\" decoding=\"async\" width=\"1024\" height=\"1024\" src=\"https:\/\/dieze13.com\/blog\/wp-content\/uploads\/2021\/04\/FraisierJaponais-1024x1024.jpg\" alt=\"Fraisier japonais vu de haut\" data-id=\"1234\" data-full-url=\"https:\/\/dieze13.com\/blog\/wp-content\/uploads\/2021\/04\/FraisierJaponais-scaled.jpg\" data-link=\"https:\/\/dieze13.com\/blog\/?attachment_id=1234\" class=\"wp-image-1234\" srcset=\"https:\/\/dieze13.com\/blog\/wp-content\/uploads\/2021\/04\/FraisierJaponais-1024x1024.jpg 1024w, https:\/\/dieze13.com\/blog\/wp-content\/uploads\/2021\/04\/FraisierJaponais-300x300.jpg 300w, https:\/\/dieze13.com\/blog\/wp-content\/uploads\/2021\/04\/FraisierJaponais-150x150.jpg 150w, https:\/\/dieze13.com\/blog\/wp-content\/uploads\/2021\/04\/FraisierJaponais-768x768.jpg 768w, https:\/\/dieze13.com\/blog\/wp-content\/uploads\/2021\/04\/FraisierJaponais-1536x1536.jpg 1536w, https:\/\/dieze13.com\/blog\/wp-content\/uploads\/2021\/04\/FraisierJaponais-2048x2048.jpg 2048w, https:\/\/dieze13.com\/blog\/wp-content\/uploads\/2021\/04\/FraisierJaponais-60x60.jpg 60w\" sizes=\"auto, (max-width: 1024px) 100vw, 1024px\" \/><\/a><\/figure><\/li><li class=\"blocks-gallery-item\"><figure><a href=\"https:\/\/dieze13.com\/blog\/wp-content\/uploads\/2021\/04\/FraisierJaponais2-scaled.jpg\"><img loading=\"lazy\" decoding=\"async\" width=\"1024\" height=\"1024\" src=\"https:\/\/dieze13.com\/blog\/wp-content\/uploads\/2021\/04\/FraisierJaponais2-1024x1024.jpg\" alt=\"Zoom fraise du fraisier japonais\" data-id=\"1233\" data-full-url=\"https:\/\/dieze13.com\/blog\/wp-content\/uploads\/2021\/04\/FraisierJaponais2-scaled.jpg\" data-link=\"https:\/\/dieze13.com\/blog\/?attachment_id=1233\" class=\"wp-image-1233\" srcset=\"https:\/\/dieze13.com\/blog\/wp-content\/uploads\/2021\/04\/FraisierJaponais2-1024x1024.jpg 1024w, https:\/\/dieze13.com\/blog\/wp-content\/uploads\/2021\/04\/FraisierJaponais2-300x300.jpg 300w, https:\/\/dieze13.com\/blog\/wp-content\/uploads\/2021\/04\/FraisierJaponais2-150x150.jpg 150w, https:\/\/dieze13.com\/blog\/wp-content\/uploads\/2021\/04\/FraisierJaponais2-768x768.jpg 768w, https:\/\/dieze13.com\/blog\/wp-content\/uploads\/2021\/04\/FraisierJaponais2-1536x1536.jpg 1536w, https:\/\/dieze13.com\/blog\/wp-content\/uploads\/2021\/04\/FraisierJaponais2-2048x2048.jpg 2048w, https:\/\/dieze13.com\/blog\/wp-content\/uploads\/2021\/04\/FraisierJaponais2-60x60.jpg 60w\" sizes=\"auto, (max-width: 1024px) 100vw, 1024px\" \/><\/a><\/figure><\/li><li class=\"blocks-gallery-item\"><figure><a href=\"https:\/\/dieze13.com\/blog\/wp-content\/uploads\/2021\/04\/FraisierJaponais3-scaled.jpg\"><img loading=\"lazy\" decoding=\"async\" width=\"1024\" height=\"1024\" src=\"https:\/\/dieze13.com\/blog\/wp-content\/uploads\/2021\/04\/FraisierJaponais3-1024x1024.jpg\" alt=\"Fraisier japonais dans son plat\" data-id=\"1232\" data-full-url=\"https:\/\/dieze13.com\/blog\/wp-content\/uploads\/2021\/04\/FraisierJaponais3-scaled.jpg\" data-link=\"https:\/\/dieze13.com\/blog\/?attachment_id=1232\" class=\"wp-image-1232\" srcset=\"https:\/\/dieze13.com\/blog\/wp-content\/uploads\/2021\/04\/FraisierJaponais3-1024x1024.jpg 1024w, https:\/\/dieze13.com\/blog\/wp-content\/uploads\/2021\/04\/FraisierJaponais3-300x300.jpg 300w, https:\/\/dieze13.com\/blog\/wp-content\/uploads\/2021\/04\/FraisierJaponais3-150x150.jpg 150w, https:\/\/dieze13.com\/blog\/wp-content\/uploads\/2021\/04\/FraisierJaponais3-768x768.jpg 768w, https:\/\/dieze13.com\/blog\/wp-content\/uploads\/2021\/04\/FraisierJaponais3-1536x1536.jpg 1536w, https:\/\/dieze13.com\/blog\/wp-content\/uploads\/2021\/04\/FraisierJaponais3-2048x2048.jpg 2048w, https:\/\/dieze13.com\/blog\/wp-content\/uploads\/2021\/04\/FraisierJaponais3-60x60.jpg 60w\" sizes=\"auto, (max-width: 1024px) 100vw, 1024px\" \/><\/a><\/figure><\/li><\/ul><\/figure>\n","protected":false},"excerpt":{"rendered":"<p>Aujourd&rsquo;hui, mon petit dernier a 13 ans, d\u00e9j\u00e0 !! Comme chaque ann\u00e9e, il peut choisir les saveurs de son g\u00e2teau d&rsquo;anniversaire&#8230; et il voulait un fraisier \ud83c\udf53 Pour changer du traditionnel fraisier avec une cr\u00e8me mousseline ou diplomate, j&rsquo;ai choisi de faire un fraisier japonais. Ce dernier est constitu\u00e9 d&rsquo;une g\u00e9noise vanill\u00e9e moelleuse et d&rsquo;une &hellip; <\/p>\n","protected":false},"author":1,"featured_media":1231,"comment_status":"open","ping_status":"open","sticky":false,"template":"","format":"standard","meta":{"_monsterinsights_skip_tracking":false,"_monsterinsights_sitenote_active":false,"_monsterinsights_sitenote_note":"","_monsterinsights_sitenote_category":0,"footnotes":""},"categories":[17,13],"tags":[251,44,43,192,124,182],"class_list":["post-1230","post","type-post","status-publish","format-standard","has-post-thumbnail","hentry","category-anniversaires","category-entremets-et-gateaux","tag-creme","tag-fraise","tag-fraisier","tag-genoise","tag-mascarpone","tag-vanille"],"yoast_head":"<!-- This site is optimized with the Yoast SEO plugin v24.9 - https:\/\/yoast.com\/wordpress\/plugins\/seo\/ -->\n<title>Un fraisier japonais pour les 13 ans de mon loulou \ud83c\udf53\ud83c\udf53\ud83c\udf53<\/title>\n<meta name=\"description\" content=\"Envie d&#039;un fraisier plus all\u00e9g\u00e9 que le traditionnel ? D\u00e9couvrez le fraisier japonais avec une cr\u00e8me mascarpone vanill\u00e9e !\" \/>\n<meta name=\"robots\" content=\"index, follow, max-snippet:-1, max-image-preview:large, max-video-preview:-1\" \/>\n<link rel=\"canonical\" href=\"https:\/\/dieze13.com\/blog\/un-fraisier-japonais-pour-les-13-ans-de-mon-loulou\/\" \/>\n<meta property=\"og:locale\" content=\"fr_FR\" \/>\n<meta property=\"og:type\" content=\"article\" \/>\n<meta property=\"og:title\" content=\"Un fraisier japonais pour les 13 ans de mon loulou \ud83c\udf53\ud83c\udf53\ud83c\udf53\" \/>\n<meta property=\"og:description\" content=\"Envie d&#039;un fraisier plus all\u00e9g\u00e9 que le traditionnel ? D\u00e9couvrez le fraisier japonais avec une cr\u00e8me mascarpone vanill\u00e9e !\" \/>\n<meta property=\"og:url\" content=\"https:\/\/dieze13.com\/blog\/un-fraisier-japonais-pour-les-13-ans-de-mon-loulou\/\" \/>\n<meta property=\"og:site_name\" content=\"Gourmandises dans la cuisine\" \/>\n<meta property=\"article:published_time\" content=\"2021-04-17T12:36:05+00:00\" \/>\n<meta property=\"article:modified_time\" content=\"2021-04-17T12:36:11+00:00\" \/>\n<meta property=\"og:image\" content=\"https:\/\/dieze13.com\/blog\/wp-content\/uploads\/2021\/04\/FraisierJaponais4-scaled.jpg\" \/>\n\t<meta property=\"og:image:width\" content=\"2560\" \/>\n\t<meta property=\"og:image:height\" content=\"2560\" \/>\n\t<meta property=\"og:image:type\" content=\"image\/jpeg\" \/>\n<meta name=\"author\" content=\"Marie\" \/>\n<meta name=\"twitter:card\" content=\"summary_large_image\" \/>\n<meta name=\"twitter:label1\" content=\"\u00c9crit par\" \/>\n\t<meta name=\"twitter:data1\" content=\"Marie\" \/>\n\t<meta name=\"twitter:label2\" content=\"Dur\u00e9e de lecture estim\u00e9e\" \/>\n\t<meta name=\"twitter:data2\" content=\"3 minutes\" \/>\n<script type=\"application\/ld+json\" class=\"yoast-schema-graph\">{\"@context\":\"https:\/\/schema.org\",\"@graph\":[{\"@type\":\"Article\",\"@id\":\"https:\/\/dieze13.com\/blog\/un-fraisier-japonais-pour-les-13-ans-de-mon-loulou\/#article\",\"isPartOf\":{\"@id\":\"https:\/\/dieze13.com\/blog\/un-fraisier-japonais-pour-les-13-ans-de-mon-loulou\/\"},\"author\":{\"name\":\"Marie\",\"@id\":\"https:\/\/dieze13.com\/blog\/#\/schema\/person\/5cf0acd276e3e6de727a9d5a3725aad9\"},\"headline\":\"Un fraisier japonais pour les 13 ans de mon loulou\",\"datePublished\":\"2021-04-17T12:36:05+00:00\",\"dateModified\":\"2021-04-17T12:36:11+00:00\",\"mainEntityOfPage\":{\"@id\":\"https:\/\/dieze13.com\/blog\/un-fraisier-japonais-pour-les-13-ans-de-mon-loulou\/\"},\"wordCount\":567,\"commentCount\":0,\"publisher\":{\"@id\":\"https:\/\/dieze13.com\/blog\/#\/schema\/person\/5cf0acd276e3e6de727a9d5a3725aad9\"},\"image\":{\"@id\":\"https:\/\/dieze13.com\/blog\/un-fraisier-japonais-pour-les-13-ans-de-mon-loulou\/#primaryimage\"},\"thumbnailUrl\":\"https:\/\/dieze13.com\/blog\/wp-content\/uploads\/2021\/04\/FraisierJaponais4-scaled.jpg\",\"keywords\":[\"cr\u00e8me\",\"fraise\",\"fraisier\",\"g\u00e9noise\",\"mascarpone\",\"vanille\"],\"articleSection\":[\"Anniversaires\",\"Entremets et G\u00e2teaux\"],\"inLanguage\":\"fr-FR\",\"potentialAction\":[{\"@type\":\"CommentAction\",\"name\":\"Comment\",\"target\":[\"https:\/\/dieze13.com\/blog\/un-fraisier-japonais-pour-les-13-ans-de-mon-loulou\/#respond\"]}]},{\"@type\":\"WebPage\",\"@id\":\"https:\/\/dieze13.com\/blog\/un-fraisier-japonais-pour-les-13-ans-de-mon-loulou\/\",\"url\":\"https:\/\/dieze13.com\/blog\/un-fraisier-japonais-pour-les-13-ans-de-mon-loulou\/\",\"name\":\"Un fraisier japonais pour les 13 ans de mon loulou \ud83c\udf53\ud83c\udf53\ud83c\udf53\",\"isPartOf\":{\"@id\":\"https:\/\/dieze13.com\/blog\/#website\"},\"primaryImageOfPage\":{\"@id\":\"https:\/\/dieze13.com\/blog\/un-fraisier-japonais-pour-les-13-ans-de-mon-loulou\/#primaryimage\"},\"image\":{\"@id\":\"https:\/\/dieze13.com\/blog\/un-fraisier-japonais-pour-les-13-ans-de-mon-loulou\/#primaryimage\"},\"thumbnailUrl\":\"https:\/\/dieze13.com\/blog\/wp-content\/uploads\/2021\/04\/FraisierJaponais4-scaled.jpg\",\"datePublished\":\"2021-04-17T12:36:05+00:00\",\"dateModified\":\"2021-04-17T12:36:11+00:00\",\"description\":\"Envie d'un fraisier plus all\u00e9g\u00e9 que le traditionnel ? D\u00e9couvrez le fraisier japonais avec une cr\u00e8me mascarpone vanill\u00e9e !\",\"breadcrumb\":{\"@id\":\"https:\/\/dieze13.com\/blog\/un-fraisier-japonais-pour-les-13-ans-de-mon-loulou\/#breadcrumb\"},\"inLanguage\":\"fr-FR\",\"potentialAction\":[{\"@type\":\"ReadAction\",\"target\":[\"https:\/\/dieze13.com\/blog\/un-fraisier-japonais-pour-les-13-ans-de-mon-loulou\/\"]}]},{\"@type\":\"ImageObject\",\"inLanguage\":\"fr-FR\",\"@id\":\"https:\/\/dieze13.com\/blog\/un-fraisier-japonais-pour-les-13-ans-de-mon-loulou\/#primaryimage\",\"url\":\"https:\/\/dieze13.com\/blog\/wp-content\/uploads\/2021\/04\/FraisierJaponais4-scaled.jpg\",\"contentUrl\":\"https:\/\/dieze13.com\/blog\/wp-content\/uploads\/2021\/04\/FraisierJaponais4-scaled.jpg\",\"width\":2560,\"height\":2560,\"caption\":\"Fraisier japonais vu de c\u00f4t\u00e9\"},{\"@type\":\"BreadcrumbList\",\"@id\":\"https:\/\/dieze13.com\/blog\/un-fraisier-japonais-pour-les-13-ans-de-mon-loulou\/#breadcrumb\",\"itemListElement\":[{\"@type\":\"ListItem\",\"position\":1,\"name\":\"Accueil\",\"item\":\"https:\/\/dieze13.com\/blog\/\"},{\"@type\":\"ListItem\",\"position\":2,\"name\":\"Un fraisier japonais pour les 13 ans de mon loulou\"}]},{\"@type\":\"WebSite\",\"@id\":\"https:\/\/dieze13.com\/blog\/#website\",\"url\":\"https:\/\/dieze13.com\/blog\/\",\"name\":\"Gourmandises dans la cuisine\",\"description\":\"\",\"publisher\":{\"@id\":\"https:\/\/dieze13.com\/blog\/#\/schema\/person\/5cf0acd276e3e6de727a9d5a3725aad9\"},\"potentialAction\":[{\"@type\":\"SearchAction\",\"target\":{\"@type\":\"EntryPoint\",\"urlTemplate\":\"https:\/\/dieze13.com\/blog\/?s={search_term_string}\"},\"query-input\":{\"@type\":\"PropertyValueSpecification\",\"valueRequired\":true,\"valueName\":\"search_term_string\"}}],\"inLanguage\":\"fr-FR\"},{\"@type\":[\"Person\",\"Organization\"],\"@id\":\"https:\/\/dieze13.com\/blog\/#\/schema\/person\/5cf0acd276e3e6de727a9d5a3725aad9\",\"name\":\"Marie\",\"image\":{\"@type\":\"ImageObject\",\"inLanguage\":\"fr-FR\",\"@id\":\"https:\/\/dieze13.com\/blog\/#\/schema\/person\/image\/\",\"url\":\"https:\/\/dieze13.com\/blog\/wp-content\/uploads\/2020\/11\/cropped-cropped-cropped-cropped-Logo-Site-e1606683405507.png\",\"contentUrl\":\"https:\/\/dieze13.com\/blog\/wp-content\/uploads\/2020\/11\/cropped-cropped-cropped-cropped-Logo-Site-e1606683405507.png\",\"width\":70,\"height\":70,\"caption\":\"Marie\"},\"logo\":{\"@id\":\"https:\/\/dieze13.com\/blog\/#\/schema\/person\/image\/\"}}]}<\/script>\n<!-- \/ Yoast SEO plugin. -->","yoast_head_json":{"title":"Un fraisier japonais pour les 13 ans de mon loulou \ud83c\udf53\ud83c\udf53\ud83c\udf53","description":"Envie d'un fraisier plus all\u00e9g\u00e9 que le traditionnel ? D\u00e9couvrez le fraisier japonais avec une cr\u00e8me mascarpone vanill\u00e9e !","robots":{"index":"index","follow":"follow","max-snippet":"max-snippet:-1","max-image-preview":"max-image-preview:large","max-video-preview":"max-video-preview:-1"},"canonical":"https:\/\/dieze13.com\/blog\/un-fraisier-japonais-pour-les-13-ans-de-mon-loulou\/","og_locale":"fr_FR","og_type":"article","og_title":"Un fraisier japonais pour les 13 ans de mon loulou \ud83c\udf53\ud83c\udf53\ud83c\udf53","og_description":"Envie d'un fraisier plus all\u00e9g\u00e9 que le traditionnel ? D\u00e9couvrez le fraisier japonais avec une cr\u00e8me mascarpone vanill\u00e9e !","og_url":"https:\/\/dieze13.com\/blog\/un-fraisier-japonais-pour-les-13-ans-de-mon-loulou\/","og_site_name":"Gourmandises dans la cuisine","article_published_time":"2021-04-17T12:36:05+00:00","article_modified_time":"2021-04-17T12:36:11+00:00","og_image":[{"width":2560,"height":2560,"url":"https:\/\/dieze13.com\/blog\/wp-content\/uploads\/2021\/04\/FraisierJaponais4-scaled.jpg","type":"image\/jpeg"}],"author":"Marie","twitter_card":"summary_large_image","twitter_misc":{"\u00c9crit par":"Marie","Dur\u00e9e de lecture estim\u00e9e":"3 minutes"},"schema":{"@context":"https:\/\/schema.org","@graph":[{"@type":"Article","@id":"https:\/\/dieze13.com\/blog\/un-fraisier-japonais-pour-les-13-ans-de-mon-loulou\/#article","isPartOf":{"@id":"https:\/\/dieze13.com\/blog\/un-fraisier-japonais-pour-les-13-ans-de-mon-loulou\/"},"author":{"name":"Marie","@id":"https:\/\/dieze13.com\/blog\/#\/schema\/person\/5cf0acd276e3e6de727a9d5a3725aad9"},"headline":"Un fraisier japonais pour les 13 ans de mon loulou","datePublished":"2021-04-17T12:36:05+00:00","dateModified":"2021-04-17T12:36:11+00:00","mainEntityOfPage":{"@id":"https:\/\/dieze13.com\/blog\/un-fraisier-japonais-pour-les-13-ans-de-mon-loulou\/"},"wordCount":567,"commentCount":0,"publisher":{"@id":"https:\/\/dieze13.com\/blog\/#\/schema\/person\/5cf0acd276e3e6de727a9d5a3725aad9"},"image":{"@id":"https:\/\/dieze13.com\/blog\/un-fraisier-japonais-pour-les-13-ans-de-mon-loulou\/#primaryimage"},"thumbnailUrl":"https:\/\/dieze13.com\/blog\/wp-content\/uploads\/2021\/04\/FraisierJaponais4-scaled.jpg","keywords":["cr\u00e8me","fraise","fraisier","g\u00e9noise","mascarpone","vanille"],"articleSection":["Anniversaires","Entremets et G\u00e2teaux"],"inLanguage":"fr-FR","potentialAction":[{"@type":"CommentAction","name":"Comment","target":["https:\/\/dieze13.com\/blog\/un-fraisier-japonais-pour-les-13-ans-de-mon-loulou\/#respond"]}]},{"@type":"WebPage","@id":"https:\/\/dieze13.com\/blog\/un-fraisier-japonais-pour-les-13-ans-de-mon-loulou\/","url":"https:\/\/dieze13.com\/blog\/un-fraisier-japonais-pour-les-13-ans-de-mon-loulou\/","name":"Un fraisier japonais pour les 13 ans de mon loulou \ud83c\udf53\ud83c\udf53\ud83c\udf53","isPartOf":{"@id":"https:\/\/dieze13.com\/blog\/#website"},"primaryImageOfPage":{"@id":"https:\/\/dieze13.com\/blog\/un-fraisier-japonais-pour-les-13-ans-de-mon-loulou\/#primaryimage"},"image":{"@id":"https:\/\/dieze13.com\/blog\/un-fraisier-japonais-pour-les-13-ans-de-mon-loulou\/#primaryimage"},"thumbnailUrl":"https:\/\/dieze13.com\/blog\/wp-content\/uploads\/2021\/04\/FraisierJaponais4-scaled.jpg","datePublished":"2021-04-17T12:36:05+00:00","dateModified":"2021-04-17T12:36:11+00:00","description":"Envie d'un fraisier plus all\u00e9g\u00e9 que le traditionnel ? D\u00e9couvrez le fraisier japonais avec une cr\u00e8me mascarpone vanill\u00e9e !","breadcrumb":{"@id":"https:\/\/dieze13.com\/blog\/un-fraisier-japonais-pour-les-13-ans-de-mon-loulou\/#breadcrumb"},"inLanguage":"fr-FR","potentialAction":[{"@type":"ReadAction","target":["https:\/\/dieze13.com\/blog\/un-fraisier-japonais-pour-les-13-ans-de-mon-loulou\/"]}]},{"@type":"ImageObject","inLanguage":"fr-FR","@id":"https:\/\/dieze13.com\/blog\/un-fraisier-japonais-pour-les-13-ans-de-mon-loulou\/#primaryimage","url":"https:\/\/dieze13.com\/blog\/wp-content\/uploads\/2021\/04\/FraisierJaponais4-scaled.jpg","contentUrl":"https:\/\/dieze13.com\/blog\/wp-content\/uploads\/2021\/04\/FraisierJaponais4-scaled.jpg","width":2560,"height":2560,"caption":"Fraisier japonais vu de c\u00f4t\u00e9"},{"@type":"BreadcrumbList","@id":"https:\/\/dieze13.com\/blog\/un-fraisier-japonais-pour-les-13-ans-de-mon-loulou\/#breadcrumb","itemListElement":[{"@type":"ListItem","position":1,"name":"Accueil","item":"https:\/\/dieze13.com\/blog\/"},{"@type":"ListItem","position":2,"name":"Un fraisier japonais pour les 13 ans de mon loulou"}]},{"@type":"WebSite","@id":"https:\/\/dieze13.com\/blog\/#website","url":"https:\/\/dieze13.com\/blog\/","name":"Gourmandises dans la cuisine","description":"","publisher":{"@id":"https:\/\/dieze13.com\/blog\/#\/schema\/person\/5cf0acd276e3e6de727a9d5a3725aad9"},"potentialAction":[{"@type":"SearchAction","target":{"@type":"EntryPoint","urlTemplate":"https:\/\/dieze13.com\/blog\/?s={search_term_string}"},"query-input":{"@type":"PropertyValueSpecification","valueRequired":true,"valueName":"search_term_string"}}],"inLanguage":"fr-FR"},{"@type":["Person","Organization"],"@id":"https:\/\/dieze13.com\/blog\/#\/schema\/person\/5cf0acd276e3e6de727a9d5a3725aad9","name":"Marie","image":{"@type":"ImageObject","inLanguage":"fr-FR","@id":"https:\/\/dieze13.com\/blog\/#\/schema\/person\/image\/","url":"https:\/\/dieze13.com\/blog\/wp-content\/uploads\/2020\/11\/cropped-cropped-cropped-cropped-Logo-Site-e1606683405507.png","contentUrl":"https:\/\/dieze13.com\/blog\/wp-content\/uploads\/2020\/11\/cropped-cropped-cropped-cropped-Logo-Site-e1606683405507.png","width":70,"height":70,"caption":"Marie"},"logo":{"@id":"https:\/\/dieze13.com\/blog\/#\/schema\/person\/image\/"}}]}},"_links":{"self":[{"href":"https:\/\/dieze13.com\/blog\/wp-json\/wp\/v2\/posts\/1230","targetHints":{"allow":["GET"]}}],"collection":[{"href":"https:\/\/dieze13.com\/blog\/wp-json\/wp\/v2\/posts"}],"about":[{"href":"https:\/\/dieze13.com\/blog\/wp-json\/wp\/v2\/types\/post"}],"author":[{"embeddable":true,"href":"https:\/\/dieze13.com\/blog\/wp-json\/wp\/v2\/users\/1"}],"replies":[{"embeddable":true,"href":"https:\/\/dieze13.com\/blog\/wp-json\/wp\/v2\/comments?post=1230"}],"version-history":[{"count":1,"href":"https:\/\/dieze13.com\/blog\/wp-json\/wp\/v2\/posts\/1230\/revisions"}],"predecessor-version":[{"id":1235,"href":"https:\/\/dieze13.com\/blog\/wp-json\/wp\/v2\/posts\/1230\/revisions\/1235"}],"wp:featuredmedia":[{"embeddable":true,"href":"https:\/\/dieze13.com\/blog\/wp-json\/wp\/v2\/media\/1231"}],"wp:attachment":[{"href":"https:\/\/dieze13.com\/blog\/wp-json\/wp\/v2\/media?parent=1230"}],"wp:term":[{"taxonomy":"category","embeddable":true,"href":"https:\/\/dieze13.com\/blog\/wp-json\/wp\/v2\/categories?post=1230"},{"taxonomy":"post_tag","embeddable":true,"href":"https:\/\/dieze13.com\/blog\/wp-json\/wp\/v2\/tags?post=1230"}],"curies":[{"name":"wp","href":"https:\/\/api.w.org\/{rel}","templated":true}]}}