{"id":127,"date":"2014-10-12T23:35:00","date_gmt":"2014-10-12T21:35:00","guid":{"rendered":"http:\/\/dieze13.com\/blog\/?p=127"},"modified":"2020-05-07T23:36:42","modified_gmt":"2020-05-07T21:36:42","slug":"gateau-violetta-pour-les-8-ans-de-ma-jolie-emma","status":"publish","type":"post","link":"https:\/\/dieze13.com\/blog\/gateau-violetta-pour-les-8-ans-de-ma-jolie-emma\/","title":{"rendered":"G\u00e2teau Violetta pour les 8 ans de ma jolie Emma"},"content":{"rendered":"\n<figure class=\"wp-block-image\"><img decoding=\"async\" src=\"https:\/\/static.wixstatic.com\/media\/2b5bd2_59451172e245470483386c4536d07661~mv2.jpg\/v1\/fill\/w_576,h_576,al_c,lg_1,q_90\/2b5bd2_59451172e245470483386c4536d07661~mv2.jpg\" alt=\"\"\/><\/figure>\n\n\n\n<p>Le syndrome Violetta a envahi l&rsquo;univers d&rsquo;Emma ! Alors pour ses 8 ans, le th\u00e8me du g\u00e2teau s&rsquo;est impos\u00e9 de lui-m\u00eame. J&rsquo;ai fait 2 biscuits de savoie que j&rsquo;ai superpos\u00e9s apr\u00e8s les avoir tartin\u00e9s de ganache choco-noix de coco. Pour la d\u00e9co : J&rsquo;ai recouvert le g\u00e2teau de p\u00e2te \u00e0 sucre violette, j&rsquo;ai ensuite d\u00e9pos\u00e9 un disque en azyme Violetta de chez <a href=\"http:\/\/www.feeriecake.com\/\"><u>FeerieCake<\/u><\/a>. Pour terminer, j&rsquo;ai d\u00e9coup\u00e9 des touches de piano dans de la p\u00e2te \u00e0 sucre blanche et de la p\u00e2te d&rsquo;amande noire \ud83d\ude42 Ma puce \u00e9tait bluff\u00e9e ! et c&rsquo;est bien l\u00e0 le principal !<\/p>\n","protected":false},"excerpt":{"rendered":"<p>Le syndrome Violetta a envahi l&rsquo;univers d&rsquo;Emma ! Alors pour ses 8 ans, le th\u00e8me du g\u00e2teau s&rsquo;est impos\u00e9 de lui-m\u00eame. J&rsquo;ai fait 2 biscuits de savoie que j&rsquo;ai superpos\u00e9s apr\u00e8s les avoir tartin\u00e9s de ganache choco-noix de coco. Pour la d\u00e9co : J&rsquo;ai recouvert le g\u00e2teau de p\u00e2te \u00e0 sucre violette, j&rsquo;ai ensuite d\u00e9pos\u00e9 &hellip; <\/p>\n","protected":false},"author":1,"featured_media":128,"comment_status":"open","ping_status":"open","sticky":false,"template":"","format":"standard","meta":{"_monsterinsights_skip_tracking":false,"_monsterinsights_sitenote_active":false,"_monsterinsights_sitenote_note":"","_monsterinsights_sitenote_category":0,"footnotes":""},"categories":[17],"tags":[99,3,20,100,101],"class_list":["post-127","post","type-post","status-publish","format-standard","has-post-thumbnail","hentry","category-anniversaires","tag-biscuitsavoie","tag-chocolat","tag-coco","tag-noixdecoco","tag-violetta"],"yoast_head":"<!-- This site is optimized with the Yoast SEO plugin v24.9 - https:\/\/yoast.com\/wordpress\/plugins\/seo\/ -->\n<title>G\u00e2teau Violetta pour les 8 ans de ma jolie Emma<\/title>\n<meta name=\"robots\" content=\"index, follow, max-snippet:-1, max-image-preview:large, max-video-preview:-1\" \/>\n<link rel=\"canonical\" href=\"https:\/\/dieze13.com\/blog\/gateau-violetta-pour-les-8-ans-de-ma-jolie-emma\/\" \/>\n<meta property=\"og:locale\" content=\"fr_FR\" \/>\n<meta property=\"og:type\" content=\"article\" \/>\n<meta property=\"og:title\" content=\"G\u00e2teau Violetta pour les 8 ans de ma jolie Emma\" \/>\n<meta property=\"og:description\" content=\"Le syndrome Violetta a envahi l&rsquo;univers d&rsquo;Emma ! Alors pour ses 8 ans, le th\u00e8me du g\u00e2teau s&rsquo;est impos\u00e9 de lui-m\u00eame. J&rsquo;ai fait 2 biscuits de savoie que j&rsquo;ai superpos\u00e9s apr\u00e8s les avoir tartin\u00e9s de ganache choco-noix de coco. Pour la d\u00e9co : J&rsquo;ai recouvert le g\u00e2teau de p\u00e2te \u00e0 sucre violette, j&rsquo;ai ensuite d\u00e9pos\u00e9 &hellip;\" \/>\n<meta property=\"og:url\" content=\"https:\/\/dieze13.com\/blog\/gateau-violetta-pour-les-8-ans-de-ma-jolie-emma\/\" \/>\n<meta property=\"og:site_name\" content=\"Gourmandises dans la cuisine\" \/>\n<meta property=\"article:published_time\" content=\"2014-10-12T21:35:00+00:00\" \/>\n<meta property=\"article:modified_time\" content=\"2020-05-07T21:36:42+00:00\" \/>\n<meta property=\"og:image\" content=\"https:\/\/dieze13.com\/blog\/wp-content\/uploads\/2020\/05\/2b5bd2_59451172e245470483386c4536d07661mv2.jpg\" \/>\n\t<meta property=\"og:image:width\" content=\"576\" \/>\n\t<meta property=\"og:image:height\" content=\"576\" \/>\n\t<meta property=\"og:image:type\" content=\"image\/jpeg\" \/>\n<meta name=\"author\" content=\"Marie\" \/>\n<meta name=\"twitter:card\" content=\"summary_large_image\" \/>\n<meta name=\"twitter:label1\" content=\"\u00c9crit par\" \/>\n\t<meta name=\"twitter:data1\" content=\"Marie\" \/>\n\t<meta name=\"twitter:label2\" content=\"Dur\u00e9e de lecture estim\u00e9e\" \/>\n\t<meta name=\"twitter:data2\" content=\"1 minute\" \/>\n<script type=\"application\/ld+json\" class=\"yoast-schema-graph\">{\"@context\":\"https:\/\/schema.org\",\"@graph\":[{\"@type\":\"Article\",\"@id\":\"https:\/\/dieze13.com\/blog\/gateau-violetta-pour-les-8-ans-de-ma-jolie-emma\/#article\",\"isPartOf\":{\"@id\":\"https:\/\/dieze13.com\/blog\/gateau-violetta-pour-les-8-ans-de-ma-jolie-emma\/\"},\"author\":{\"name\":\"Marie\",\"@id\":\"https:\/\/dieze13.com\/blog\/#\/schema\/person\/5cf0acd276e3e6de727a9d5a3725aad9\"},\"headline\":\"G\u00e2teau Violetta pour les 8 ans de ma jolie Emma\",\"datePublished\":\"2014-10-12T21:35:00+00:00\",\"dateModified\":\"2020-05-07T21:36:42+00:00\",\"mainEntityOfPage\":{\"@id\":\"https:\/\/dieze13.com\/blog\/gateau-violetta-pour-les-8-ans-de-ma-jolie-emma\/\"},\"wordCount\":113,\"commentCount\":0,\"publisher\":{\"@id\":\"https:\/\/dieze13.com\/blog\/#\/schema\/person\/5cf0acd276e3e6de727a9d5a3725aad9\"},\"image\":{\"@id\":\"https:\/\/dieze13.com\/blog\/gateau-violetta-pour-les-8-ans-de-ma-jolie-emma\/#primaryimage\"},\"thumbnailUrl\":\"https:\/\/dieze13.com\/blog\/wp-content\/uploads\/2020\/05\/2b5bd2_59451172e245470483386c4536d07661mv2.jpg\",\"keywords\":[\"biscuitsavoie\",\"chocolat\",\"coco\",\"noixdecoco\",\"violetta\"],\"articleSection\":[\"Anniversaires\"],\"inLanguage\":\"fr-FR\",\"potentialAction\":[{\"@type\":\"CommentAction\",\"name\":\"Comment\",\"target\":[\"https:\/\/dieze13.com\/blog\/gateau-violetta-pour-les-8-ans-de-ma-jolie-emma\/#respond\"]}]},{\"@type\":\"WebPage\",\"@id\":\"https:\/\/dieze13.com\/blog\/gateau-violetta-pour-les-8-ans-de-ma-jolie-emma\/\",\"url\":\"https:\/\/dieze13.com\/blog\/gateau-violetta-pour-les-8-ans-de-ma-jolie-emma\/\",\"name\":\"G\u00e2teau Violetta pour les 8 ans de ma jolie Emma\",\"isPartOf\":{\"@id\":\"https:\/\/dieze13.com\/blog\/#website\"},\"primaryImageOfPage\":{\"@id\":\"https:\/\/dieze13.com\/blog\/gateau-violetta-pour-les-8-ans-de-ma-jolie-emma\/#primaryimage\"},\"image\":{\"@id\":\"https:\/\/dieze13.com\/blog\/gateau-violetta-pour-les-8-ans-de-ma-jolie-emma\/#primaryimage\"},\"thumbnailUrl\":\"https:\/\/dieze13.com\/blog\/wp-content\/uploads\/2020\/05\/2b5bd2_59451172e245470483386c4536d07661mv2.jpg\",\"datePublished\":\"2014-10-12T21:35:00+00:00\",\"dateModified\":\"2020-05-07T21:36:42+00:00\",\"breadcrumb\":{\"@id\":\"https:\/\/dieze13.com\/blog\/gateau-violetta-pour-les-8-ans-de-ma-jolie-emma\/#breadcrumb\"},\"inLanguage\":\"fr-FR\",\"potentialAction\":[{\"@type\":\"ReadAction\",\"target\":[\"https:\/\/dieze13.com\/blog\/gateau-violetta-pour-les-8-ans-de-ma-jolie-emma\/\"]}]},{\"@type\":\"ImageObject\",\"inLanguage\":\"fr-FR\",\"@id\":\"https:\/\/dieze13.com\/blog\/gateau-violetta-pour-les-8-ans-de-ma-jolie-emma\/#primaryimage\",\"url\":\"https:\/\/dieze13.com\/blog\/wp-content\/uploads\/2020\/05\/2b5bd2_59451172e245470483386c4536d07661mv2.jpg\",\"contentUrl\":\"https:\/\/dieze13.com\/blog\/wp-content\/uploads\/2020\/05\/2b5bd2_59451172e245470483386c4536d07661mv2.jpg\",\"width\":576,\"height\":576,\"caption\":\"G\u00e2teau Violetta\"},{\"@type\":\"BreadcrumbList\",\"@id\":\"https:\/\/dieze13.com\/blog\/gateau-violetta-pour-les-8-ans-de-ma-jolie-emma\/#breadcrumb\",\"itemListElement\":[{\"@type\":\"ListItem\",\"position\":1,\"name\":\"Accueil\",\"item\":\"https:\/\/dieze13.com\/blog\/\"},{\"@type\":\"ListItem\",\"position\":2,\"name\":\"G\u00e2teau Violetta pour les 8 ans de ma jolie Emma\"}]},{\"@type\":\"WebSite\",\"@id\":\"https:\/\/dieze13.com\/blog\/#website\",\"url\":\"https:\/\/dieze13.com\/blog\/\",\"name\":\"Gourmandises dans la cuisine\",\"description\":\"\",\"publisher\":{\"@id\":\"https:\/\/dieze13.com\/blog\/#\/schema\/person\/5cf0acd276e3e6de727a9d5a3725aad9\"},\"potentialAction\":[{\"@type\":\"SearchAction\",\"target\":{\"@type\":\"EntryPoint\",\"urlTemplate\":\"https:\/\/dieze13.com\/blog\/?s={search_term_string}\"},\"query-input\":{\"@type\":\"PropertyValueSpecification\",\"valueRequired\":true,\"valueName\":\"search_term_string\"}}],\"inLanguage\":\"fr-FR\"},{\"@type\":[\"Person\",\"Organization\"],\"@id\":\"https:\/\/dieze13.com\/blog\/#\/schema\/person\/5cf0acd276e3e6de727a9d5a3725aad9\",\"name\":\"Marie\",\"image\":{\"@type\":\"ImageObject\",\"inLanguage\":\"fr-FR\",\"@id\":\"https:\/\/dieze13.com\/blog\/#\/schema\/person\/image\/\",\"url\":\"https:\/\/dieze13.com\/blog\/wp-content\/uploads\/2020\/11\/cropped-cropped-cropped-cropped-Logo-Site-e1606683405507.png\",\"contentUrl\":\"https:\/\/dieze13.com\/blog\/wp-content\/uploads\/2020\/11\/cropped-cropped-cropped-cropped-Logo-Site-e1606683405507.png\",\"width\":70,\"height\":70,\"caption\":\"Marie\"},\"logo\":{\"@id\":\"https:\/\/dieze13.com\/blog\/#\/schema\/person\/image\/\"}}]}<\/script>\n<!-- \/ Yoast SEO plugin. -->","yoast_head_json":{"title":"G\u00e2teau Violetta pour les 8 ans de ma jolie Emma","robots":{"index":"index","follow":"follow","max-snippet":"max-snippet:-1","max-image-preview":"max-image-preview:large","max-video-preview":"max-video-preview:-1"},"canonical":"https:\/\/dieze13.com\/blog\/gateau-violetta-pour-les-8-ans-de-ma-jolie-emma\/","og_locale":"fr_FR","og_type":"article","og_title":"G\u00e2teau Violetta pour les 8 ans de ma jolie Emma","og_description":"Le syndrome Violetta a envahi l&rsquo;univers d&rsquo;Emma ! Alors pour ses 8 ans, le th\u00e8me du g\u00e2teau s&rsquo;est impos\u00e9 de lui-m\u00eame. J&rsquo;ai fait 2 biscuits de savoie que j&rsquo;ai superpos\u00e9s apr\u00e8s les avoir tartin\u00e9s de ganache choco-noix de coco. Pour la d\u00e9co : J&rsquo;ai recouvert le g\u00e2teau de p\u00e2te \u00e0 sucre violette, j&rsquo;ai ensuite d\u00e9pos\u00e9 &hellip;","og_url":"https:\/\/dieze13.com\/blog\/gateau-violetta-pour-les-8-ans-de-ma-jolie-emma\/","og_site_name":"Gourmandises dans la cuisine","article_published_time":"2014-10-12T21:35:00+00:00","article_modified_time":"2020-05-07T21:36:42+00:00","og_image":[{"width":576,"height":576,"url":"https:\/\/dieze13.com\/blog\/wp-content\/uploads\/2020\/05\/2b5bd2_59451172e245470483386c4536d07661mv2.jpg","type":"image\/jpeg"}],"author":"Marie","twitter_card":"summary_large_image","twitter_misc":{"\u00c9crit par":"Marie","Dur\u00e9e de lecture estim\u00e9e":"1 minute"},"schema":{"@context":"https:\/\/schema.org","@graph":[{"@type":"Article","@id":"https:\/\/dieze13.com\/blog\/gateau-violetta-pour-les-8-ans-de-ma-jolie-emma\/#article","isPartOf":{"@id":"https:\/\/dieze13.com\/blog\/gateau-violetta-pour-les-8-ans-de-ma-jolie-emma\/"},"author":{"name":"Marie","@id":"https:\/\/dieze13.com\/blog\/#\/schema\/person\/5cf0acd276e3e6de727a9d5a3725aad9"},"headline":"G\u00e2teau Violetta pour les 8 ans de ma jolie Emma","datePublished":"2014-10-12T21:35:00+00:00","dateModified":"2020-05-07T21:36:42+00:00","mainEntityOfPage":{"@id":"https:\/\/dieze13.com\/blog\/gateau-violetta-pour-les-8-ans-de-ma-jolie-emma\/"},"wordCount":113,"commentCount":0,"publisher":{"@id":"https:\/\/dieze13.com\/blog\/#\/schema\/person\/5cf0acd276e3e6de727a9d5a3725aad9"},"image":{"@id":"https:\/\/dieze13.com\/blog\/gateau-violetta-pour-les-8-ans-de-ma-jolie-emma\/#primaryimage"},"thumbnailUrl":"https:\/\/dieze13.com\/blog\/wp-content\/uploads\/2020\/05\/2b5bd2_59451172e245470483386c4536d07661mv2.jpg","keywords":["biscuitsavoie","chocolat","coco","noixdecoco","violetta"],"articleSection":["Anniversaires"],"inLanguage":"fr-FR","potentialAction":[{"@type":"CommentAction","name":"Comment","target":["https:\/\/dieze13.com\/blog\/gateau-violetta-pour-les-8-ans-de-ma-jolie-emma\/#respond"]}]},{"@type":"WebPage","@id":"https:\/\/dieze13.com\/blog\/gateau-violetta-pour-les-8-ans-de-ma-jolie-emma\/","url":"https:\/\/dieze13.com\/blog\/gateau-violetta-pour-les-8-ans-de-ma-jolie-emma\/","name":"G\u00e2teau Violetta pour les 8 ans de ma jolie Emma","isPartOf":{"@id":"https:\/\/dieze13.com\/blog\/#website"},"primaryImageOfPage":{"@id":"https:\/\/dieze13.com\/blog\/gateau-violetta-pour-les-8-ans-de-ma-jolie-emma\/#primaryimage"},"image":{"@id":"https:\/\/dieze13.com\/blog\/gateau-violetta-pour-les-8-ans-de-ma-jolie-emma\/#primaryimage"},"thumbnailUrl":"https:\/\/dieze13.com\/blog\/wp-content\/uploads\/2020\/05\/2b5bd2_59451172e245470483386c4536d07661mv2.jpg","datePublished":"2014-10-12T21:35:00+00:00","dateModified":"2020-05-07T21:36:42+00:00","breadcrumb":{"@id":"https:\/\/dieze13.com\/blog\/gateau-violetta-pour-les-8-ans-de-ma-jolie-emma\/#breadcrumb"},"inLanguage":"fr-FR","potentialAction":[{"@type":"ReadAction","target":["https:\/\/dieze13.com\/blog\/gateau-violetta-pour-les-8-ans-de-ma-jolie-emma\/"]}]},{"@type":"ImageObject","inLanguage":"fr-FR","@id":"https:\/\/dieze13.com\/blog\/gateau-violetta-pour-les-8-ans-de-ma-jolie-emma\/#primaryimage","url":"https:\/\/dieze13.com\/blog\/wp-content\/uploads\/2020\/05\/2b5bd2_59451172e245470483386c4536d07661mv2.jpg","contentUrl":"https:\/\/dieze13.com\/blog\/wp-content\/uploads\/2020\/05\/2b5bd2_59451172e245470483386c4536d07661mv2.jpg","width":576,"height":576,"caption":"G\u00e2teau Violetta"},{"@type":"BreadcrumbList","@id":"https:\/\/dieze13.com\/blog\/gateau-violetta-pour-les-8-ans-de-ma-jolie-emma\/#breadcrumb","itemListElement":[{"@type":"ListItem","position":1,"name":"Accueil","item":"https:\/\/dieze13.com\/blog\/"},{"@type":"ListItem","position":2,"name":"G\u00e2teau Violetta pour les 8 ans de ma jolie Emma"}]},{"@type":"WebSite","@id":"https:\/\/dieze13.com\/blog\/#website","url":"https:\/\/dieze13.com\/blog\/","name":"Gourmandises dans la cuisine","description":"","publisher":{"@id":"https:\/\/dieze13.com\/blog\/#\/schema\/person\/5cf0acd276e3e6de727a9d5a3725aad9"},"potentialAction":[{"@type":"SearchAction","target":{"@type":"EntryPoint","urlTemplate":"https:\/\/dieze13.com\/blog\/?s={search_term_string}"},"query-input":{"@type":"PropertyValueSpecification","valueRequired":true,"valueName":"search_term_string"}}],"inLanguage":"fr-FR"},{"@type":["Person","Organization"],"@id":"https:\/\/dieze13.com\/blog\/#\/schema\/person\/5cf0acd276e3e6de727a9d5a3725aad9","name":"Marie","image":{"@type":"ImageObject","inLanguage":"fr-FR","@id":"https:\/\/dieze13.com\/blog\/#\/schema\/person\/image\/","url":"https:\/\/dieze13.com\/blog\/wp-content\/uploads\/2020\/11\/cropped-cropped-cropped-cropped-Logo-Site-e1606683405507.png","contentUrl":"https:\/\/dieze13.com\/blog\/wp-content\/uploads\/2020\/11\/cropped-cropped-cropped-cropped-Logo-Site-e1606683405507.png","width":70,"height":70,"caption":"Marie"},"logo":{"@id":"https:\/\/dieze13.com\/blog\/#\/schema\/person\/image\/"}}]}},"_links":{"self":[{"href":"https:\/\/dieze13.com\/blog\/wp-json\/wp\/v2\/posts\/127","targetHints":{"allow":["GET"]}}],"collection":[{"href":"https:\/\/dieze13.com\/blog\/wp-json\/wp\/v2\/posts"}],"about":[{"href":"https:\/\/dieze13.com\/blog\/wp-json\/wp\/v2\/types\/post"}],"author":[{"embeddable":true,"href":"https:\/\/dieze13.com\/blog\/wp-json\/wp\/v2\/users\/1"}],"replies":[{"embeddable":true,"href":"https:\/\/dieze13.com\/blog\/wp-json\/wp\/v2\/comments?post=127"}],"version-history":[{"count":1,"href":"https:\/\/dieze13.com\/blog\/wp-json\/wp\/v2\/posts\/127\/revisions"}],"predecessor-version":[{"id":129,"href":"https:\/\/dieze13.com\/blog\/wp-json\/wp\/v2\/posts\/127\/revisions\/129"}],"wp:featuredmedia":[{"embeddable":true,"href":"https:\/\/dieze13.com\/blog\/wp-json\/wp\/v2\/media\/128"}],"wp:attachment":[{"href":"https:\/\/dieze13.com\/blog\/wp-json\/wp\/v2\/media?parent=127"}],"wp:term":[{"taxonomy":"category","embeddable":true,"href":"https:\/\/dieze13.com\/blog\/wp-json\/wp\/v2\/categories?post=127"},{"taxonomy":"post_tag","embeddable":true,"href":"https:\/\/dieze13.com\/blog\/wp-json\/wp\/v2\/tags?post=127"}],"curies":[{"name":"wp","href":"https:\/\/api.w.org\/{rel}","templated":true}]}}