{"id":1431,"date":"2021-06-05T22:51:51","date_gmt":"2021-06-05T20:51:51","guid":{"rendered":"https:\/\/dieze13.com\/blog\/?p=1431"},"modified":"2021-06-05T22:51:58","modified_gmt":"2021-06-05T20:51:58","slug":"des-fraises-en-veux-tu-en-voila-pour-un-fraisier-vitamine","status":"publish","type":"post","link":"https:\/\/dieze13.com\/blog\/des-fraises-en-veux-tu-en-voila-pour-un-fraisier-vitamine\/","title":{"rendered":"Des fraises en veux-tu, en voil\u00e0 pour un fraisier vitamin\u00e9 !"},"content":{"rendered":"\n<p>On adore les fraises ici ! Et chez vous ? La saison des fraises \ud83c\udf53\ud83c\udf53\ud83c\udf53 bat son plein et c&rsquo;est l&rsquo;occasion se ravitailler aupr\u00e8s du primeur en fraises cultiv\u00e9es par chez nous. Et comme c&rsquo;est aussi la saison des anniversaires, on en profite aussi pour concocter un d\u00e9licieux fraisier, bien gourmand et vitamin\u00e9 ! \ud83c\udf82<\/p>\n\n\n\n<p>Retrouvez sans tarder la recette de ce d\u00e9licieux fraisier pour 8 gourmands \ud83d\ude0b <\/p>\n\n\n\n<p><\/p>\n\n\n\n<h2 class=\"wp-block-heading\">1 &#8211; La recette de la g\u00e9noise<\/h2>\n\n\n\n<h3 class=\"wp-block-heading\">Les ingr\u00e9dients<\/h3>\n\n\n\n<ul class=\"wp-block-list\"><li>125g de sucre<\/li><li>125g de farine<\/li><li>4 oeufs (200g)<\/li><\/ul>\n\n\n\n<h3 class=\"wp-block-heading\">Les \u00e9tapes de la pr\u00e9paration <\/h3>\n\n\n\n<ol class=\"wp-block-list\"><li>Versez les oeufs entiers et le sucre dans la cuve de votre robot et fouettez jusqu&rsquo;\u00e0 ce que le m\u00e9lange soit bien mousseux.<\/li><li>Arr\u00eatez le robot, et incorporez la farine tamis\u00e9e \u00e0 l&rsquo;aide d&rsquo;une maryse.<\/li><li>Beurrez ensuite un cercle \u00e0 p\u00e2tisserie que vous d\u00e9posez sur une plaque recouverte de papier cuisson.<\/li><li>Enfournez pour 20 minutes \u00e0 180\u00b0<\/li><li>Une fois la g\u00e9noise refroidie, tranchez-la de sorte \u00e0 avoir 2 cercles de g\u00e9noise.<\/li><\/ol>\n\n\n\n<h2 class=\"wp-block-heading\">2 &#8211; La recette de la cr\u00e8me mousseline<\/h2>\n\n\n\n<h3 class=\"wp-block-heading\">Les ingr\u00e9dients : <\/h3>\n\n\n\n<ul class=\"wp-block-list\"><li>500g de lait <\/li><li>1 gousse de vanille<\/li><li>80g de jaunes d&rsquo;oeufs (environ 4 jaunes)<\/li><li>130g de sucre<\/li><li>30g de farine<\/li><li>30g de Ma\u00efzena<\/li><li>200g de beurre \u00e0 temp\u00e9rature ambiante<\/li><\/ul>\n\n\n\n<h3 class=\"wp-block-heading\">Les \u00e9tapes de la pr\u00e9paration<\/h3>\n\n\n\n<ol class=\"wp-block-list\"><li>Faites chauffer le lait avec les graines de la gousse de vanille.<\/li><li>Fouettez le sucre avec les jaunes d&rsquo;oeuf jusqu&rsquo;\u00e0 ce que le m\u00e9lange blanchisse.<\/li><li>Ajoutez alors la farine et la ma\u00efzena tamis\u00e9es.<\/li><li>Versez ensuite le lait chaud sur le m\u00e9lange en le passant <\/li><li>Une fois le m\u00e9lange bien homog\u00e8ne, remettez la casserole \u00e0 feu moyen, sans cessez de m\u00e9langer.<\/li><li>Votre cr\u00e8me devrait \u00e9paissir petit \u00e0 petit, continuez \u00e0 m\u00e9langer encore une bonne minute apr\u00e8s l&rsquo;apparition des premi\u00e8res bulles.<\/li><li>Etalez alors la cr\u00e8me p\u00e2tissi\u00e8re dans un grand plat pour la refroidir plus rapidement et filmez au contact.<\/li><li>Dans le bol de votre, robot, d\u00e9tendez le beurre \u00e0 l&rsquo;aide la feuille.<\/li><li>Ajoutez ensuite la cr\u00e8me p\u00e2tissi\u00e8re que vous aurez pr\u00e9alablement d\u00e9tendue \u00e0 la maryse.<\/li><li>Continuez de battre pendant quelques minutes, le temps que le m\u00e9lange soit bien homog\u00e8ne et consistant.<\/li><\/ol>\n\n\n\n<h2 class=\"wp-block-heading\">3 &#8211; Le sirop d&rsquo;imbibage<\/h2>\n\n\n\n<p>Dans une casserole, versez 60g de sucre avec 140g d&rsquo;eau, et faites chauffer jusqu&rsquo;\u00e0 ce que le sirop atteigne une temp\u00e9rature de 100\u00b0.<\/p>\n\n\n\n<h2 class=\"wp-block-heading\">4 &#8211; Le montage de votre fraisier (8 personnes)<\/h2>\n\n\n\n<p>Vous aurez besoin d&rsquo;une bonne barquette de 500g de fraises \ud83c\udf53\ud83c\udf53\ud83c\udf53\ud83c\udf53\ud83c\udf53\ud83c\udf53\ud83c\udf53\ud83c\udf53\ud83c\udf53\ud83c\udf53\ud83c\udf53\ud83c\udf53<br>Nos fraises proviennent de Landas et de Phalempin \ud83d\ude0a<\/p>\n\n\n\n<ol class=\"wp-block-list\"><li>Dans un cercle \u00e0 p\u00e2tisserie un peu plus grand que celui qui a servi pour la g\u00e9noise, appliquez une bande de Rhodo\u00efd.<\/li><li>D\u00e9posez les fraises, tranch\u00e9es en 2, face int\u00e9rieure contre la bande de Rhodo\u00efd.<\/li><li>Disposez ensuite un premier disque de g\u00e9noise imbib\u00e9 de sirop, \u00e0 l&rsquo;aide d&rsquo;un pinceau, au fond du cercle.<\/li><li>Ajoutez ensuite les 3\/4 de la cr\u00e8me mousseline.<\/li><li>Versez les fraises coup\u00e9es en petits morceaux sur la cr\u00e8me mousseline.<\/li><li>Imbibez le 2\u00e8me disque de g\u00e9noise et d\u00e9posez le, face imbib\u00e9e vers le bas, sur les fraises.<\/li><li>Versez ensuite le reste de la cr\u00e8me mousseline sur la g\u00e9noise, lissez \u00e0 la spatule.<\/li><li>R\u00e9servez au frais pour que la cr\u00e8me prenne<\/li><\/ol>\n\n\n\n<p><em>Quelques heures apr\u00e8s&#8230;<\/em><\/p>\n\n\n\n<ol class=\"wp-block-list\"><li>D\u00e9cerclez votre fraisier et \u00f4tez d\u00e9licatement la bande de Rhodo\u00efd.<\/li><li>D\u00e9posez quelques fraises pour la d\u00e9coration et quelques perles en sucre ou une pluie de sucre glace.<\/li><\/ol>\n\n\n\n<p>C&rsquo;est pr\u00eat \u00e0 \u00eatre d\u00e9gust\u00e9 !<\/p>\n\n\n\n<figure class=\"wp-block-gallery columns-2 is-cropped wp-block-gallery-1 is-layout-flex wp-block-gallery-is-layout-flex\"><ul class=\"blocks-gallery-grid\"><li class=\"blocks-gallery-item\"><figure><a href=\"https:\/\/dieze13.com\/blog\/wp-content\/uploads\/2021\/06\/Fraisier2-scaled.jpg\"><img loading=\"lazy\" decoding=\"async\" width=\"1024\" height=\"1024\" src=\"https:\/\/dieze13.com\/blog\/wp-content\/uploads\/2021\/06\/Fraisier2-1024x1024.jpg\" alt=\"Fraisier vu de dessus\" data-id=\"1429\" data-full-url=\"https:\/\/dieze13.com\/blog\/wp-content\/uploads\/2021\/06\/Fraisier2-scaled.jpg\" data-link=\"https:\/\/dieze13.com\/blog\/fraisier2\/\" class=\"wp-image-1429\" srcset=\"https:\/\/dieze13.com\/blog\/wp-content\/uploads\/2021\/06\/Fraisier2-1024x1024.jpg 1024w, https:\/\/dieze13.com\/blog\/wp-content\/uploads\/2021\/06\/Fraisier2-300x300.jpg 300w, https:\/\/dieze13.com\/blog\/wp-content\/uploads\/2021\/06\/Fraisier2-150x150.jpg 150w, https:\/\/dieze13.com\/blog\/wp-content\/uploads\/2021\/06\/Fraisier2-768x768.jpg 768w, https:\/\/dieze13.com\/blog\/wp-content\/uploads\/2021\/06\/Fraisier2-1536x1536.jpg 1536w, https:\/\/dieze13.com\/blog\/wp-content\/uploads\/2021\/06\/Fraisier2-2048x2048.jpg 2048w, https:\/\/dieze13.com\/blog\/wp-content\/uploads\/2021\/06\/Fraisier2-60x60.jpg 60w\" sizes=\"auto, (max-width: 1024px) 100vw, 1024px\" \/><\/a><\/figure><\/li><li class=\"blocks-gallery-item\"><figure><a href=\"https:\/\/dieze13.com\/blog\/wp-content\/uploads\/2021\/06\/Fraisier-scaled.jpg\"><img loading=\"lazy\" decoding=\"async\" width=\"1024\" height=\"1024\" src=\"https:\/\/dieze13.com\/blog\/wp-content\/uploads\/2021\/06\/Fraisier-1024x1024.jpg\" alt=\"Fraisier sur table d\u00e9cor\u00e9e\" data-id=\"1428\" data-full-url=\"https:\/\/dieze13.com\/blog\/wp-content\/uploads\/2021\/06\/Fraisier-scaled.jpg\" data-link=\"https:\/\/dieze13.com\/blog\/fraisier\/\" class=\"wp-image-1428\" srcset=\"https:\/\/dieze13.com\/blog\/wp-content\/uploads\/2021\/06\/Fraisier-1024x1024.jpg 1024w, https:\/\/dieze13.com\/blog\/wp-content\/uploads\/2021\/06\/Fraisier-300x300.jpg 300w, https:\/\/dieze13.com\/blog\/wp-content\/uploads\/2021\/06\/Fraisier-150x150.jpg 150w, https:\/\/dieze13.com\/blog\/wp-content\/uploads\/2021\/06\/Fraisier-768x768.jpg 768w, https:\/\/dieze13.com\/blog\/wp-content\/uploads\/2021\/06\/Fraisier-1536x1536.jpg 1536w, https:\/\/dieze13.com\/blog\/wp-content\/uploads\/2021\/06\/Fraisier-2048x2048.jpg 2048w, https:\/\/dieze13.com\/blog\/wp-content\/uploads\/2021\/06\/Fraisier-60x60.jpg 60w\" sizes=\"auto, (max-width: 1024px) 100vw, 1024px\" \/><\/a><\/figure><\/li><li class=\"blocks-gallery-item\"><figure><a href=\"https:\/\/dieze13.com\/blog\/wp-content\/uploads\/2021\/06\/Fraisier3-scaled.jpg\"><img loading=\"lazy\" decoding=\"async\" width=\"1024\" height=\"1024\" src=\"https:\/\/dieze13.com\/blog\/wp-content\/uploads\/2021\/06\/Fraisier3-1024x1024.jpg\" alt=\"Zoom fraises du fraisier\" data-id=\"1430\" data-full-url=\"https:\/\/dieze13.com\/blog\/wp-content\/uploads\/2021\/06\/Fraisier3-scaled.jpg\" data-link=\"https:\/\/dieze13.com\/blog\/fraisier3\/\" class=\"wp-image-1430\" srcset=\"https:\/\/dieze13.com\/blog\/wp-content\/uploads\/2021\/06\/Fraisier3-1024x1024.jpg 1024w, https:\/\/dieze13.com\/blog\/wp-content\/uploads\/2021\/06\/Fraisier3-300x300.jpg 300w, https:\/\/dieze13.com\/blog\/wp-content\/uploads\/2021\/06\/Fraisier3-150x150.jpg 150w, https:\/\/dieze13.com\/blog\/wp-content\/uploads\/2021\/06\/Fraisier3-768x768.jpg 768w, https:\/\/dieze13.com\/blog\/wp-content\/uploads\/2021\/06\/Fraisier3-1536x1536.jpg 1536w, https:\/\/dieze13.com\/blog\/wp-content\/uploads\/2021\/06\/Fraisier3-2048x2048.jpg 2048w, https:\/\/dieze13.com\/blog\/wp-content\/uploads\/2021\/06\/Fraisier3-60x60.jpg 60w\" sizes=\"auto, (max-width: 1024px) 100vw, 1024px\" \/><\/a><\/figure><\/li><\/ul><\/figure>\n","protected":false},"excerpt":{"rendered":"<p>On adore les fraises ici ! Et chez vous ? La saison des fraises \ud83c\udf53\ud83c\udf53\ud83c\udf53 bat son plein et c&rsquo;est l&rsquo;occasion se ravitailler aupr\u00e8s du primeur en fraises cultiv\u00e9es par chez nous. Et comme c&rsquo;est aussi la saison des anniversaires, on en profite aussi pour concocter un d\u00e9licieux fraisier, bien gourmand et vitamin\u00e9 ! \ud83c\udf82 &hellip; <\/p>\n","protected":false},"author":1,"featured_media":1428,"comment_status":"open","ping_status":"open","sticky":false,"template":"","format":"standard","meta":{"_monsterinsights_skip_tracking":false,"_monsterinsights_sitenote_active":false,"_monsterinsights_sitenote_note":"","_monsterinsights_sitenote_category":0,"footnotes":""},"categories":[17,13],"tags":[57,44,43],"class_list":["post-1431","post","type-post","status-publish","format-standard","has-post-thumbnail","hentry","category-anniversaires","category-entremets-et-gateaux","tag-anniversaire","tag-fraise","tag-fraisier"],"yoast_head":"<!-- This site is optimized with the Yoast SEO plugin v24.9 - https:\/\/yoast.com\/wordpress\/plugins\/seo\/ -->\n<title>Des fraises en veux-tu, en voil\u00e0 pour un fraisier vitamin\u00e9 !<\/title>\n<meta name=\"description\" content=\"On adore les fraises ici, et vous ? Retrouvez ma recette de fraisier pour un anniversaire tr\u00e8s vitamin\u00e9, avec des fraises de chez nous.\" \/>\n<meta name=\"robots\" content=\"index, follow, max-snippet:-1, max-image-preview:large, max-video-preview:-1\" \/>\n<link rel=\"canonical\" href=\"https:\/\/dieze13.com\/blog\/des-fraises-en-veux-tu-en-voila-pour-un-fraisier-vitamine\/\" \/>\n<meta property=\"og:locale\" content=\"fr_FR\" \/>\n<meta property=\"og:type\" content=\"article\" \/>\n<meta property=\"og:title\" content=\"Des fraises en veux-tu, en voil\u00e0 pour un fraisier vitamin\u00e9 !\" \/>\n<meta property=\"og:description\" content=\"On adore les fraises ici, et vous ? Retrouvez ma recette de fraisier pour un anniversaire tr\u00e8s vitamin\u00e9, avec des fraises de chez nous.\" \/>\n<meta property=\"og:url\" content=\"https:\/\/dieze13.com\/blog\/des-fraises-en-veux-tu-en-voila-pour-un-fraisier-vitamine\/\" \/>\n<meta property=\"og:site_name\" content=\"Gourmandises dans la cuisine\" \/>\n<meta property=\"article:published_time\" content=\"2021-06-05T20:51:51+00:00\" \/>\n<meta property=\"article:modified_time\" content=\"2021-06-05T20:51:58+00:00\" \/>\n<meta property=\"og:image\" content=\"https:\/\/dieze13.com\/blog\/wp-content\/uploads\/2021\/06\/Fraisier-scaled.jpg\" \/>\n\t<meta property=\"og:image:width\" content=\"2560\" \/>\n\t<meta property=\"og:image:height\" content=\"2560\" \/>\n\t<meta property=\"og:image:type\" content=\"image\/jpeg\" \/>\n<meta name=\"author\" content=\"Marie\" \/>\n<meta name=\"twitter:card\" content=\"summary_large_image\" \/>\n<meta name=\"twitter:label1\" content=\"\u00c9crit par\" \/>\n\t<meta name=\"twitter:data1\" content=\"Marie\" \/>\n\t<meta name=\"twitter:label2\" content=\"Dur\u00e9e de lecture estim\u00e9e\" \/>\n\t<meta name=\"twitter:data2\" content=\"3 minutes\" \/>\n<script type=\"application\/ld+json\" class=\"yoast-schema-graph\">{\"@context\":\"https:\/\/schema.org\",\"@graph\":[{\"@type\":\"Article\",\"@id\":\"https:\/\/dieze13.com\/blog\/des-fraises-en-veux-tu-en-voila-pour-un-fraisier-vitamine\/#article\",\"isPartOf\":{\"@id\":\"https:\/\/dieze13.com\/blog\/des-fraises-en-veux-tu-en-voila-pour-un-fraisier-vitamine\/\"},\"author\":{\"name\":\"Marie\",\"@id\":\"https:\/\/dieze13.com\/blog\/#\/schema\/person\/5cf0acd276e3e6de727a9d5a3725aad9\"},\"headline\":\"Des fraises en veux-tu, en voil\u00e0 pour un fraisier vitamin\u00e9 !\",\"datePublished\":\"2021-06-05T20:51:51+00:00\",\"dateModified\":\"2021-06-05T20:51:58+00:00\",\"mainEntityOfPage\":{\"@id\":\"https:\/\/dieze13.com\/blog\/des-fraises-en-veux-tu-en-voila-pour-un-fraisier-vitamine\/\"},\"wordCount\":590,\"commentCount\":0,\"publisher\":{\"@id\":\"https:\/\/dieze13.com\/blog\/#\/schema\/person\/5cf0acd276e3e6de727a9d5a3725aad9\"},\"image\":{\"@id\":\"https:\/\/dieze13.com\/blog\/des-fraises-en-veux-tu-en-voila-pour-un-fraisier-vitamine\/#primaryimage\"},\"thumbnailUrl\":\"https:\/\/dieze13.com\/blog\/wp-content\/uploads\/2021\/06\/Fraisier-scaled.jpg\",\"keywords\":[\"anniversaire\",\"fraise\",\"fraisier\"],\"articleSection\":[\"Anniversaires\",\"Entremets et G\u00e2teaux\"],\"inLanguage\":\"fr-FR\",\"potentialAction\":[{\"@type\":\"CommentAction\",\"name\":\"Comment\",\"target\":[\"https:\/\/dieze13.com\/blog\/des-fraises-en-veux-tu-en-voila-pour-un-fraisier-vitamine\/#respond\"]}]},{\"@type\":\"WebPage\",\"@id\":\"https:\/\/dieze13.com\/blog\/des-fraises-en-veux-tu-en-voila-pour-un-fraisier-vitamine\/\",\"url\":\"https:\/\/dieze13.com\/blog\/des-fraises-en-veux-tu-en-voila-pour-un-fraisier-vitamine\/\",\"name\":\"Des fraises en veux-tu, en voil\u00e0 pour un fraisier vitamin\u00e9 !\",\"isPartOf\":{\"@id\":\"https:\/\/dieze13.com\/blog\/#website\"},\"primaryImageOfPage\":{\"@id\":\"https:\/\/dieze13.com\/blog\/des-fraises-en-veux-tu-en-voila-pour-un-fraisier-vitamine\/#primaryimage\"},\"image\":{\"@id\":\"https:\/\/dieze13.com\/blog\/des-fraises-en-veux-tu-en-voila-pour-un-fraisier-vitamine\/#primaryimage\"},\"thumbnailUrl\":\"https:\/\/dieze13.com\/blog\/wp-content\/uploads\/2021\/06\/Fraisier-scaled.jpg\",\"datePublished\":\"2021-06-05T20:51:51+00:00\",\"dateModified\":\"2021-06-05T20:51:58+00:00\",\"description\":\"On adore les fraises ici, et vous ? Retrouvez ma recette de fraisier pour un anniversaire tr\u00e8s vitamin\u00e9, avec des fraises de chez nous.\",\"breadcrumb\":{\"@id\":\"https:\/\/dieze13.com\/blog\/des-fraises-en-veux-tu-en-voila-pour-un-fraisier-vitamine\/#breadcrumb\"},\"inLanguage\":\"fr-FR\",\"potentialAction\":[{\"@type\":\"ReadAction\",\"target\":[\"https:\/\/dieze13.com\/blog\/des-fraises-en-veux-tu-en-voila-pour-un-fraisier-vitamine\/\"]}]},{\"@type\":\"ImageObject\",\"inLanguage\":\"fr-FR\",\"@id\":\"https:\/\/dieze13.com\/blog\/des-fraises-en-veux-tu-en-voila-pour-un-fraisier-vitamine\/#primaryimage\",\"url\":\"https:\/\/dieze13.com\/blog\/wp-content\/uploads\/2021\/06\/Fraisier-scaled.jpg\",\"contentUrl\":\"https:\/\/dieze13.com\/blog\/wp-content\/uploads\/2021\/06\/Fraisier-scaled.jpg\",\"width\":2560,\"height\":2560,\"caption\":\"Fraisier sur table d\u00e9cor\u00e9e\"},{\"@type\":\"BreadcrumbList\",\"@id\":\"https:\/\/dieze13.com\/blog\/des-fraises-en-veux-tu-en-voila-pour-un-fraisier-vitamine\/#breadcrumb\",\"itemListElement\":[{\"@type\":\"ListItem\",\"position\":1,\"name\":\"Accueil\",\"item\":\"https:\/\/dieze13.com\/blog\/\"},{\"@type\":\"ListItem\",\"position\":2,\"name\":\"Des fraises en veux-tu, en voil\u00e0 pour un fraisier vitamin\u00e9 !\"}]},{\"@type\":\"WebSite\",\"@id\":\"https:\/\/dieze13.com\/blog\/#website\",\"url\":\"https:\/\/dieze13.com\/blog\/\",\"name\":\"Gourmandises dans la cuisine\",\"description\":\"\",\"publisher\":{\"@id\":\"https:\/\/dieze13.com\/blog\/#\/schema\/person\/5cf0acd276e3e6de727a9d5a3725aad9\"},\"potentialAction\":[{\"@type\":\"SearchAction\",\"target\":{\"@type\":\"EntryPoint\",\"urlTemplate\":\"https:\/\/dieze13.com\/blog\/?s={search_term_string}\"},\"query-input\":{\"@type\":\"PropertyValueSpecification\",\"valueRequired\":true,\"valueName\":\"search_term_string\"}}],\"inLanguage\":\"fr-FR\"},{\"@type\":[\"Person\",\"Organization\"],\"@id\":\"https:\/\/dieze13.com\/blog\/#\/schema\/person\/5cf0acd276e3e6de727a9d5a3725aad9\",\"name\":\"Marie\",\"image\":{\"@type\":\"ImageObject\",\"inLanguage\":\"fr-FR\",\"@id\":\"https:\/\/dieze13.com\/blog\/#\/schema\/person\/image\/\",\"url\":\"https:\/\/dieze13.com\/blog\/wp-content\/uploads\/2020\/11\/cropped-cropped-cropped-cropped-Logo-Site-e1606683405507.png\",\"contentUrl\":\"https:\/\/dieze13.com\/blog\/wp-content\/uploads\/2020\/11\/cropped-cropped-cropped-cropped-Logo-Site-e1606683405507.png\",\"width\":70,\"height\":70,\"caption\":\"Marie\"},\"logo\":{\"@id\":\"https:\/\/dieze13.com\/blog\/#\/schema\/person\/image\/\"}}]}<\/script>\n<!-- \/ Yoast SEO plugin. -->","yoast_head_json":{"title":"Des fraises en veux-tu, en voil\u00e0 pour un fraisier vitamin\u00e9 !","description":"On adore les fraises ici, et vous ? Retrouvez ma recette de fraisier pour un anniversaire tr\u00e8s vitamin\u00e9, avec des fraises de chez nous.","robots":{"index":"index","follow":"follow","max-snippet":"max-snippet:-1","max-image-preview":"max-image-preview:large","max-video-preview":"max-video-preview:-1"},"canonical":"https:\/\/dieze13.com\/blog\/des-fraises-en-veux-tu-en-voila-pour-un-fraisier-vitamine\/","og_locale":"fr_FR","og_type":"article","og_title":"Des fraises en veux-tu, en voil\u00e0 pour un fraisier vitamin\u00e9 !","og_description":"On adore les fraises ici, et vous ? Retrouvez ma recette de fraisier pour un anniversaire tr\u00e8s vitamin\u00e9, avec des fraises de chez nous.","og_url":"https:\/\/dieze13.com\/blog\/des-fraises-en-veux-tu-en-voila-pour-un-fraisier-vitamine\/","og_site_name":"Gourmandises dans la cuisine","article_published_time":"2021-06-05T20:51:51+00:00","article_modified_time":"2021-06-05T20:51:58+00:00","og_image":[{"width":2560,"height":2560,"url":"https:\/\/dieze13.com\/blog\/wp-content\/uploads\/2021\/06\/Fraisier-scaled.jpg","type":"image\/jpeg"}],"author":"Marie","twitter_card":"summary_large_image","twitter_misc":{"\u00c9crit par":"Marie","Dur\u00e9e de lecture estim\u00e9e":"3 minutes"},"schema":{"@context":"https:\/\/schema.org","@graph":[{"@type":"Article","@id":"https:\/\/dieze13.com\/blog\/des-fraises-en-veux-tu-en-voila-pour-un-fraisier-vitamine\/#article","isPartOf":{"@id":"https:\/\/dieze13.com\/blog\/des-fraises-en-veux-tu-en-voila-pour-un-fraisier-vitamine\/"},"author":{"name":"Marie","@id":"https:\/\/dieze13.com\/blog\/#\/schema\/person\/5cf0acd276e3e6de727a9d5a3725aad9"},"headline":"Des fraises en veux-tu, en voil\u00e0 pour un fraisier vitamin\u00e9 !","datePublished":"2021-06-05T20:51:51+00:00","dateModified":"2021-06-05T20:51:58+00:00","mainEntityOfPage":{"@id":"https:\/\/dieze13.com\/blog\/des-fraises-en-veux-tu-en-voila-pour-un-fraisier-vitamine\/"},"wordCount":590,"commentCount":0,"publisher":{"@id":"https:\/\/dieze13.com\/blog\/#\/schema\/person\/5cf0acd276e3e6de727a9d5a3725aad9"},"image":{"@id":"https:\/\/dieze13.com\/blog\/des-fraises-en-veux-tu-en-voila-pour-un-fraisier-vitamine\/#primaryimage"},"thumbnailUrl":"https:\/\/dieze13.com\/blog\/wp-content\/uploads\/2021\/06\/Fraisier-scaled.jpg","keywords":["anniversaire","fraise","fraisier"],"articleSection":["Anniversaires","Entremets et G\u00e2teaux"],"inLanguage":"fr-FR","potentialAction":[{"@type":"CommentAction","name":"Comment","target":["https:\/\/dieze13.com\/blog\/des-fraises-en-veux-tu-en-voila-pour-un-fraisier-vitamine\/#respond"]}]},{"@type":"WebPage","@id":"https:\/\/dieze13.com\/blog\/des-fraises-en-veux-tu-en-voila-pour-un-fraisier-vitamine\/","url":"https:\/\/dieze13.com\/blog\/des-fraises-en-veux-tu-en-voila-pour-un-fraisier-vitamine\/","name":"Des fraises en veux-tu, en voil\u00e0 pour un fraisier vitamin\u00e9 !","isPartOf":{"@id":"https:\/\/dieze13.com\/blog\/#website"},"primaryImageOfPage":{"@id":"https:\/\/dieze13.com\/blog\/des-fraises-en-veux-tu-en-voila-pour-un-fraisier-vitamine\/#primaryimage"},"image":{"@id":"https:\/\/dieze13.com\/blog\/des-fraises-en-veux-tu-en-voila-pour-un-fraisier-vitamine\/#primaryimage"},"thumbnailUrl":"https:\/\/dieze13.com\/blog\/wp-content\/uploads\/2021\/06\/Fraisier-scaled.jpg","datePublished":"2021-06-05T20:51:51+00:00","dateModified":"2021-06-05T20:51:58+00:00","description":"On adore les fraises ici, et vous ? Retrouvez ma recette de fraisier pour un anniversaire tr\u00e8s vitamin\u00e9, avec des fraises de chez nous.","breadcrumb":{"@id":"https:\/\/dieze13.com\/blog\/des-fraises-en-veux-tu-en-voila-pour-un-fraisier-vitamine\/#breadcrumb"},"inLanguage":"fr-FR","potentialAction":[{"@type":"ReadAction","target":["https:\/\/dieze13.com\/blog\/des-fraises-en-veux-tu-en-voila-pour-un-fraisier-vitamine\/"]}]},{"@type":"ImageObject","inLanguage":"fr-FR","@id":"https:\/\/dieze13.com\/blog\/des-fraises-en-veux-tu-en-voila-pour-un-fraisier-vitamine\/#primaryimage","url":"https:\/\/dieze13.com\/blog\/wp-content\/uploads\/2021\/06\/Fraisier-scaled.jpg","contentUrl":"https:\/\/dieze13.com\/blog\/wp-content\/uploads\/2021\/06\/Fraisier-scaled.jpg","width":2560,"height":2560,"caption":"Fraisier sur table d\u00e9cor\u00e9e"},{"@type":"BreadcrumbList","@id":"https:\/\/dieze13.com\/blog\/des-fraises-en-veux-tu-en-voila-pour-un-fraisier-vitamine\/#breadcrumb","itemListElement":[{"@type":"ListItem","position":1,"name":"Accueil","item":"https:\/\/dieze13.com\/blog\/"},{"@type":"ListItem","position":2,"name":"Des fraises en veux-tu, en voil\u00e0 pour un fraisier vitamin\u00e9 !"}]},{"@type":"WebSite","@id":"https:\/\/dieze13.com\/blog\/#website","url":"https:\/\/dieze13.com\/blog\/","name":"Gourmandises dans la cuisine","description":"","publisher":{"@id":"https:\/\/dieze13.com\/blog\/#\/schema\/person\/5cf0acd276e3e6de727a9d5a3725aad9"},"potentialAction":[{"@type":"SearchAction","target":{"@type":"EntryPoint","urlTemplate":"https:\/\/dieze13.com\/blog\/?s={search_term_string}"},"query-input":{"@type":"PropertyValueSpecification","valueRequired":true,"valueName":"search_term_string"}}],"inLanguage":"fr-FR"},{"@type":["Person","Organization"],"@id":"https:\/\/dieze13.com\/blog\/#\/schema\/person\/5cf0acd276e3e6de727a9d5a3725aad9","name":"Marie","image":{"@type":"ImageObject","inLanguage":"fr-FR","@id":"https:\/\/dieze13.com\/blog\/#\/schema\/person\/image\/","url":"https:\/\/dieze13.com\/blog\/wp-content\/uploads\/2020\/11\/cropped-cropped-cropped-cropped-Logo-Site-e1606683405507.png","contentUrl":"https:\/\/dieze13.com\/blog\/wp-content\/uploads\/2020\/11\/cropped-cropped-cropped-cropped-Logo-Site-e1606683405507.png","width":70,"height":70,"caption":"Marie"},"logo":{"@id":"https:\/\/dieze13.com\/blog\/#\/schema\/person\/image\/"}}]}},"_links":{"self":[{"href":"https:\/\/dieze13.com\/blog\/wp-json\/wp\/v2\/posts\/1431","targetHints":{"allow":["GET"]}}],"collection":[{"href":"https:\/\/dieze13.com\/blog\/wp-json\/wp\/v2\/posts"}],"about":[{"href":"https:\/\/dieze13.com\/blog\/wp-json\/wp\/v2\/types\/post"}],"author":[{"embeddable":true,"href":"https:\/\/dieze13.com\/blog\/wp-json\/wp\/v2\/users\/1"}],"replies":[{"embeddable":true,"href":"https:\/\/dieze13.com\/blog\/wp-json\/wp\/v2\/comments?post=1431"}],"version-history":[{"count":6,"href":"https:\/\/dieze13.com\/blog\/wp-json\/wp\/v2\/posts\/1431\/revisions"}],"predecessor-version":[{"id":1437,"href":"https:\/\/dieze13.com\/blog\/wp-json\/wp\/v2\/posts\/1431\/revisions\/1437"}],"wp:featuredmedia":[{"embeddable":true,"href":"https:\/\/dieze13.com\/blog\/wp-json\/wp\/v2\/media\/1428"}],"wp:attachment":[{"href":"https:\/\/dieze13.com\/blog\/wp-json\/wp\/v2\/media?parent=1431"}],"wp:term":[{"taxonomy":"category","embeddable":true,"href":"https:\/\/dieze13.com\/blog\/wp-json\/wp\/v2\/categories?post=1431"},{"taxonomy":"post_tag","embeddable":true,"href":"https:\/\/dieze13.com\/blog\/wp-json\/wp\/v2\/tags?post=1431"}],"curies":[{"name":"wp","href":"https:\/\/api.w.org\/{rel}","templated":true}]}}