{"id":1441,"date":"2021-06-09T22:26:29","date_gmt":"2021-06-09T20:26:29","guid":{"rendered":"https:\/\/dieze13.com\/blog\/?p=1441"},"modified":"2021-06-25T20:42:12","modified_gmt":"2021-06-25T18:42:12","slug":"faites-venir-lete-au-gouter-avec-ces-tartelettes-aux-cerises","status":"publish","type":"post","link":"https:\/\/dieze13.com\/blog\/faites-venir-lete-au-gouter-avec-ces-tartelettes-aux-cerises\/","title":{"rendered":"Faites venir l&rsquo;\u00e9t\u00e9 au go\u00fbter avec ces tartelettes aux cerises"},"content":{"rendered":"\n<p>Apr\u00e8s une grosse journ\u00e9e, rien de tel que de s&rsquo;activer en cuisine \ud83d\ude0b Il me restait de la p\u00e2te sucr\u00e9e de la tarte aux citrons de ce week-end, pile pour faire 6 jolies tartelettes aux cerises. \ud83c\udf52\ud83c\udf52\ud83c\udf52<\/p>\n\n\n\n<p><em>Recette pour environ 6 tartelettes aux cerises<\/em><\/p>\n\n\n\n<h2 class=\"wp-block-heading\">1 \u2013 La p\u00e2te sucr\u00e9e de&nbsp;<em>Christophe Felder&nbsp;<\/em>:<\/h2>\n\n\n\n<h3 class=\"wp-block-heading\">Les ingr\u00e9dients&nbsp;<\/h3>\n\n\n\n<ul class=\"wp-block-list\"><li>120 g de beurre tr\u00e8s mou (pommade)<\/li><li>80 g de sucre glace tamis\u00e9<\/li><li>1 belle gousse de vanille<\/li><li>25 g de poudre d\u2019amandes<\/li><li>1 pinc\u00e9e de sel fin<\/li><li>1 oeuf moyen \u00e0 temp\u00e9rature ambiante<\/li><li>200 g de farine tamis\u00e9e<\/li><\/ul>\n\n\n\n<h3 class=\"wp-block-heading\">Les \u00e9tapes de la pr\u00e9paration&nbsp;<\/h3>\n\n\n\n<ol class=\"wp-block-list\"><li>Dans un saladier, d\u00e9poser le beurre pommade, le sucre glace tamis\u00e9, les grains de la gousse de vanille, la poudre d\u2019amandes et le sel. Bien travailler l\u2019ensemble pour obtenir une p\u00e2te homog\u00e8ne.<\/li><li>Ajouter ensuite l\u2019oeuf et m\u00e9langer. Enfin, verser la farine tamis\u00e9e et l\u2019incorporer sans trop travailler la p\u00e2te.<\/li><li>Former une boule puis l\u2019aplatir. La filmer ou la mettre dans un sac cong\u00e9lation. Laisser reposer 2h au r\u00e9frig\u00e9rateur.<\/li><li>Abaisser (\u00e9taler) la p\u00e2te sur un plan de travail l\u00e9g\u00e8rement farin\u00e9, pour obtenir une \u00e9paisseur de 2 mm.<\/li><li>R\u00e9server au frais pour que la p\u00e2te soit plus facile \u00e0 \u00e9taler dans vos moules \u00e0 tarte. (environ 30 minutes)<\/li><li>Etaler la p\u00e2te dans vos moules \u00e0 tarte, piquez le fond de tarte \u00e0 l&rsquo;aide d&rsquo;une fourchette.<\/li><\/ol>\n\n\n\n<h2 class=\"wp-block-heading\">2 \u2013 La cr\u00e8me d&rsquo;amandes<\/h2>\n\n\n\n<h3 class=\"wp-block-heading\">Les ingr\u00e9dients&nbsp;<\/h3>\n\n\n\n<ul class=\"wp-block-list\"><li>60 g de beurre mou<\/li><li>1 gros oeuf (60g)<\/li><li>60 g de poudre d\u2019amande<\/li><li>60 g de sucre<\/li><li>1 cuill\u00e8re \u00e0 caf\u00e9 de Ma\u00efzena<\/li><li>1 cuill\u00e8re \u00e0 caf\u00e9 d&rsquo;eau de fleur d&rsquo;oranger<\/li><li>150g de cerises<\/li><\/ul>\n\n\n\n<h3 class=\"wp-block-heading\">Les \u00e9tapes de la pr\u00e9paration&nbsp;<\/h3>\n\n\n\n<ol class=\"wp-block-list\"><li>Pr\u00e9chauffer le four \u00e0 180\u00b0<\/li><li>Travailler le beurre au batteur (avec la feuille) pour le r\u00e9duire en cr\u00e8me.\u00a0<\/li><li>Ajouter ensuite le sucre et m\u00e9langer. <\/li><li>Incorporer les oeufs battus en 2 fois et fouetter.<\/li><li>Ajouter alors le reste de la poudre d\u2019amande, la ma\u00efzena et l&rsquo;eau de fleur d&rsquo;oranger.<\/li><li>M\u00e9langer jusqu\u2019\u00e0 l\u2019obtention d\u2019une cr\u00e8me homog\u00e8ne.<\/li><li>Garnir vos fonds de tarte de cr\u00e8me d&rsquo;amande et d\u00e9posez vos cerises d\u00e9noyaut\u00e9es et coup\u00e9es en 2.<\/li><li>Enfourner pour environ 20 minutes \u00e0 180\u00b0 <em>&#8211; Surveillez la cuisson <\/em><\/li><\/ol>\n\n\n\n<h2 class=\"wp-block-heading\">3\u2013 La chantilly mascarpone<\/h2>\n\n\n\n<h3 class=\"wp-block-heading\">Les ingr\u00e9dients&nbsp;<\/h3>\n\n\n\n<ul class=\"wp-block-list\"><li>250 g de mascarpone<\/li><li>120g de sucre<\/li><li>15cl de cr\u00e8me fraiche bien froide<\/li><\/ul>\n\n\n\n<h3 class=\"wp-block-heading\">Les \u00e9tapes de la pr\u00e9paration&nbsp;<\/h3>\n\n\n\n<ol class=\"wp-block-list\"><li>Fouetter d&rsquo;abord le mascarpone avec le sucre au batteur \u00e9lectrique.&nbsp;<\/li><li>Ensuite, fouetter la cr\u00e8me liquide tr\u00e8s froide en chantilly.<\/li><li>Incorporer la chantilly d\u00e9licatement \u00e0 la pr\u00e9paration.&nbsp;<\/li><li>R\u00e9server au frais jusqu\u2019au moment de dresser<\/li><\/ol>\n\n\n\n<h2 class=\"wp-block-heading\">4\u2013 Le montage de vos tartelettes aux cerises<\/h2>\n\n\n\n<ol class=\"wp-block-list\"><li>Pocher la cr\u00e8me chantilly mascarpone sur vos tartelettes \u00e0 la cr\u00e8me d&rsquo;amande.<\/li><li>D\u00e9poser quelques cerises pour la d\u00e9co !<\/li><\/ol>\n\n\n\n<figure class=\"wp-block-gallery columns-2 is-cropped wp-block-gallery-1 is-layout-flex wp-block-gallery-is-layout-flex\"><ul class=\"blocks-gallery-grid\"><li class=\"blocks-gallery-item\"><figure><a href=\"https:\/\/dieze13.com\/blog\/wp-content\/uploads\/2021\/06\/Tarteletteauxcerises3-scaled.jpg\"><img loading=\"lazy\" decoding=\"async\" width=\"1024\" height=\"1024\" src=\"https:\/\/dieze13.com\/blog\/wp-content\/uploads\/2021\/06\/Tarteletteauxcerises3-1024x1024.jpg\" alt=\"D\u00e9coupe tartelette aux cerises\" data-id=\"1444\" data-full-url=\"https:\/\/dieze13.com\/blog\/wp-content\/uploads\/2021\/06\/Tarteletteauxcerises3-scaled.jpg\" data-link=\"https:\/\/dieze13.com\/blog\/?attachment_id=1444\" class=\"wp-image-1444\" srcset=\"https:\/\/dieze13.com\/blog\/wp-content\/uploads\/2021\/06\/Tarteletteauxcerises3-1024x1024.jpg 1024w, https:\/\/dieze13.com\/blog\/wp-content\/uploads\/2021\/06\/Tarteletteauxcerises3-300x300.jpg 300w, https:\/\/dieze13.com\/blog\/wp-content\/uploads\/2021\/06\/Tarteletteauxcerises3-150x150.jpg 150w, https:\/\/dieze13.com\/blog\/wp-content\/uploads\/2021\/06\/Tarteletteauxcerises3-768x768.jpg 768w, https:\/\/dieze13.com\/blog\/wp-content\/uploads\/2021\/06\/Tarteletteauxcerises3-1536x1536.jpg 1536w, https:\/\/dieze13.com\/blog\/wp-content\/uploads\/2021\/06\/Tarteletteauxcerises3-2048x2048.jpg 2048w, https:\/\/dieze13.com\/blog\/wp-content\/uploads\/2021\/06\/Tarteletteauxcerises3-60x60.jpg 60w\" sizes=\"auto, (max-width: 1024px) 100vw, 1024px\" \/><\/a><\/figure><\/li><li class=\"blocks-gallery-item\"><figure><a href=\"https:\/\/dieze13.com\/blog\/wp-content\/uploads\/2021\/06\/Tarteletteauxcerises2-scaled.jpg\"><img loading=\"lazy\" decoding=\"async\" width=\"1024\" height=\"1024\" src=\"https:\/\/dieze13.com\/blog\/wp-content\/uploads\/2021\/06\/Tarteletteauxcerises2-1024x1024.jpg\" alt=\"Zoom tartelette aux cerises\" data-id=\"1443\" data-full-url=\"https:\/\/dieze13.com\/blog\/wp-content\/uploads\/2021\/06\/Tarteletteauxcerises2-scaled.jpg\" data-link=\"https:\/\/dieze13.com\/blog\/?attachment_id=1443\" class=\"wp-image-1443\" srcset=\"https:\/\/dieze13.com\/blog\/wp-content\/uploads\/2021\/06\/Tarteletteauxcerises2-1024x1024.jpg 1024w, https:\/\/dieze13.com\/blog\/wp-content\/uploads\/2021\/06\/Tarteletteauxcerises2-300x300.jpg 300w, https:\/\/dieze13.com\/blog\/wp-content\/uploads\/2021\/06\/Tarteletteauxcerises2-150x150.jpg 150w, https:\/\/dieze13.com\/blog\/wp-content\/uploads\/2021\/06\/Tarteletteauxcerises2-768x768.jpg 768w, https:\/\/dieze13.com\/blog\/wp-content\/uploads\/2021\/06\/Tarteletteauxcerises2-1536x1536.jpg 1536w, https:\/\/dieze13.com\/blog\/wp-content\/uploads\/2021\/06\/Tarteletteauxcerises2-2048x2048.jpg 2048w, https:\/\/dieze13.com\/blog\/wp-content\/uploads\/2021\/06\/Tarteletteauxcerises2-60x60.jpg 60w\" sizes=\"auto, (max-width: 1024px) 100vw, 1024px\" \/><\/a><\/figure><\/li><li class=\"blocks-gallery-item\"><figure><a href=\"https:\/\/dieze13.com\/blog\/wp-content\/uploads\/2021\/06\/Tarteletteauxcerises-scaled.jpg\"><img loading=\"lazy\" decoding=\"async\" width=\"1024\" height=\"1024\" src=\"https:\/\/dieze13.com\/blog\/wp-content\/uploads\/2021\/06\/Tarteletteauxcerises-1024x1024.jpg\" alt=\"Plat de tartelettes aux cerises\" data-id=\"1442\" data-full-url=\"https:\/\/dieze13.com\/blog\/wp-content\/uploads\/2021\/06\/Tarteletteauxcerises-scaled.jpg\" data-link=\"https:\/\/dieze13.com\/blog\/?attachment_id=1442\" class=\"wp-image-1442\" srcset=\"https:\/\/dieze13.com\/blog\/wp-content\/uploads\/2021\/06\/Tarteletteauxcerises-1024x1024.jpg 1024w, https:\/\/dieze13.com\/blog\/wp-content\/uploads\/2021\/06\/Tarteletteauxcerises-300x300.jpg 300w, https:\/\/dieze13.com\/blog\/wp-content\/uploads\/2021\/06\/Tarteletteauxcerises-150x150.jpg 150w, https:\/\/dieze13.com\/blog\/wp-content\/uploads\/2021\/06\/Tarteletteauxcerises-768x768.jpg 768w, https:\/\/dieze13.com\/blog\/wp-content\/uploads\/2021\/06\/Tarteletteauxcerises-1536x1536.jpg 1536w, https:\/\/dieze13.com\/blog\/wp-content\/uploads\/2021\/06\/Tarteletteauxcerises-2048x2048.jpg 2048w, https:\/\/dieze13.com\/blog\/wp-content\/uploads\/2021\/06\/Tarteletteauxcerises-60x60.jpg 60w\" sizes=\"auto, (max-width: 1024px) 100vw, 1024px\" \/><\/a><\/figure><\/li><\/ul><\/figure>\n","protected":false},"excerpt":{"rendered":"<p>Apr\u00e8s une grosse journ\u00e9e, rien de tel que de s&rsquo;activer en cuisine \ud83d\ude0b Il me restait de la p\u00e2te sucr\u00e9e de la tarte aux citrons de ce week-end, pile pour faire 6 jolies tartelettes aux cerises. \ud83c\udf52\ud83c\udf52\ud83c\udf52 Recette pour environ 6 tartelettes aux cerises 1 \u2013 La p\u00e2te sucr\u00e9e de&nbsp;Christophe Felder&nbsp;: Les ingr\u00e9dients&nbsp; 120 g &hellip; <\/p>\n","protected":false},"author":1,"featured_media":1443,"comment_status":"open","ping_status":"open","sticky":false,"template":"","format":"standard","meta":{"_monsterinsights_skip_tracking":false,"_monsterinsights_sitenote_active":false,"_monsterinsights_sitenote_note":"","_monsterinsights_sitenote_category":0,"footnotes":""},"categories":[16],"tags":[125,274,124,21,36],"class_list":["post-1441","post","type-post","status-publish","format-standard","has-post-thumbnail","hentry","category-tartes","tag-amande","tag-cerise","tag-mascarpone","tag-tarte","tag-tartelettes"],"yoast_head":"<!-- This site is optimized with the Yoast SEO plugin v24.9 - https:\/\/yoast.com\/wordpress\/plugins\/seo\/ -->\n<title>Faites venir l&#039;\u00e9t\u00e9 au go\u00fbter avec ces tartelettes aux cerises<\/title>\n<meta name=\"description\" content=\"Les cerises sont de retour pour r\u00e9galer nos papilles ! Une occasion de r\u00e9aliser ces petites tartelettes aux cerises, amande et mascarpone.\" \/>\n<meta name=\"robots\" content=\"index, follow, max-snippet:-1, max-image-preview:large, max-video-preview:-1\" \/>\n<link rel=\"canonical\" href=\"https:\/\/dieze13.com\/blog\/faites-venir-lete-au-gouter-avec-ces-tartelettes-aux-cerises\/\" \/>\n<meta property=\"og:locale\" content=\"fr_FR\" \/>\n<meta property=\"og:type\" content=\"article\" \/>\n<meta property=\"og:title\" content=\"Faites venir l&#039;\u00e9t\u00e9 au go\u00fbter avec ces tartelettes aux cerises\" \/>\n<meta property=\"og:description\" content=\"Les cerises sont de retour pour r\u00e9galer nos papilles ! Une occasion de r\u00e9aliser ces petites tartelettes aux cerises, amande et mascarpone.\" \/>\n<meta property=\"og:url\" content=\"https:\/\/dieze13.com\/blog\/faites-venir-lete-au-gouter-avec-ces-tartelettes-aux-cerises\/\" \/>\n<meta property=\"og:site_name\" content=\"Gourmandises dans la cuisine\" \/>\n<meta property=\"article:published_time\" content=\"2021-06-09T20:26:29+00:00\" \/>\n<meta property=\"article:modified_time\" content=\"2021-06-25T18:42:12+00:00\" \/>\n<meta property=\"og:image\" content=\"https:\/\/dieze13.com\/blog\/wp-content\/uploads\/2021\/06\/Tarteletteauxcerises2-scaled.jpg\" \/>\n\t<meta property=\"og:image:width\" content=\"2560\" \/>\n\t<meta property=\"og:image:height\" content=\"2560\" \/>\n\t<meta property=\"og:image:type\" content=\"image\/jpeg\" \/>\n<meta name=\"author\" content=\"Marie\" \/>\n<meta name=\"twitter:card\" content=\"summary_large_image\" \/>\n<meta name=\"twitter:label1\" content=\"\u00c9crit par\" \/>\n\t<meta name=\"twitter:data1\" content=\"Marie\" \/>\n\t<meta name=\"twitter:label2\" content=\"Dur\u00e9e de lecture estim\u00e9e\" \/>\n\t<meta name=\"twitter:data2\" content=\"3 minutes\" \/>\n<script type=\"application\/ld+json\" class=\"yoast-schema-graph\">{\"@context\":\"https:\/\/schema.org\",\"@graph\":[{\"@type\":\"Article\",\"@id\":\"https:\/\/dieze13.com\/blog\/faites-venir-lete-au-gouter-avec-ces-tartelettes-aux-cerises\/#article\",\"isPartOf\":{\"@id\":\"https:\/\/dieze13.com\/blog\/faites-venir-lete-au-gouter-avec-ces-tartelettes-aux-cerises\/\"},\"author\":{\"name\":\"Marie\",\"@id\":\"https:\/\/dieze13.com\/blog\/#\/schema\/person\/5cf0acd276e3e6de727a9d5a3725aad9\"},\"headline\":\"Faites venir l&rsquo;\u00e9t\u00e9 au go\u00fbter avec ces tartelettes aux cerises\",\"datePublished\":\"2021-06-09T20:26:29+00:00\",\"dateModified\":\"2021-06-25T18:42:12+00:00\",\"mainEntityOfPage\":{\"@id\":\"https:\/\/dieze13.com\/blog\/faites-venir-lete-au-gouter-avec-ces-tartelettes-aux-cerises\/\"},\"wordCount\":482,\"commentCount\":0,\"publisher\":{\"@id\":\"https:\/\/dieze13.com\/blog\/#\/schema\/person\/5cf0acd276e3e6de727a9d5a3725aad9\"},\"image\":{\"@id\":\"https:\/\/dieze13.com\/blog\/faites-venir-lete-au-gouter-avec-ces-tartelettes-aux-cerises\/#primaryimage\"},\"thumbnailUrl\":\"https:\/\/dieze13.com\/blog\/wp-content\/uploads\/2021\/06\/Tarteletteauxcerises2-scaled.jpg\",\"keywords\":[\"amande\",\"cerise\",\"mascarpone\",\"tarte\",\"tartelettes\"],\"articleSection\":[\"Tartes\"],\"inLanguage\":\"fr-FR\",\"potentialAction\":[{\"@type\":\"CommentAction\",\"name\":\"Comment\",\"target\":[\"https:\/\/dieze13.com\/blog\/faites-venir-lete-au-gouter-avec-ces-tartelettes-aux-cerises\/#respond\"]}]},{\"@type\":\"WebPage\",\"@id\":\"https:\/\/dieze13.com\/blog\/faites-venir-lete-au-gouter-avec-ces-tartelettes-aux-cerises\/\",\"url\":\"https:\/\/dieze13.com\/blog\/faites-venir-lete-au-gouter-avec-ces-tartelettes-aux-cerises\/\",\"name\":\"Faites venir l'\u00e9t\u00e9 au go\u00fbter avec ces tartelettes aux cerises\",\"isPartOf\":{\"@id\":\"https:\/\/dieze13.com\/blog\/#website\"},\"primaryImageOfPage\":{\"@id\":\"https:\/\/dieze13.com\/blog\/faites-venir-lete-au-gouter-avec-ces-tartelettes-aux-cerises\/#primaryimage\"},\"image\":{\"@id\":\"https:\/\/dieze13.com\/blog\/faites-venir-lete-au-gouter-avec-ces-tartelettes-aux-cerises\/#primaryimage\"},\"thumbnailUrl\":\"https:\/\/dieze13.com\/blog\/wp-content\/uploads\/2021\/06\/Tarteletteauxcerises2-scaled.jpg\",\"datePublished\":\"2021-06-09T20:26:29+00:00\",\"dateModified\":\"2021-06-25T18:42:12+00:00\",\"description\":\"Les cerises sont de retour pour r\u00e9galer nos papilles ! Une occasion de r\u00e9aliser ces petites tartelettes aux cerises, amande et mascarpone.\",\"breadcrumb\":{\"@id\":\"https:\/\/dieze13.com\/blog\/faites-venir-lete-au-gouter-avec-ces-tartelettes-aux-cerises\/#breadcrumb\"},\"inLanguage\":\"fr-FR\",\"potentialAction\":[{\"@type\":\"ReadAction\",\"target\":[\"https:\/\/dieze13.com\/blog\/faites-venir-lete-au-gouter-avec-ces-tartelettes-aux-cerises\/\"]}]},{\"@type\":\"ImageObject\",\"inLanguage\":\"fr-FR\",\"@id\":\"https:\/\/dieze13.com\/blog\/faites-venir-lete-au-gouter-avec-ces-tartelettes-aux-cerises\/#primaryimage\",\"url\":\"https:\/\/dieze13.com\/blog\/wp-content\/uploads\/2021\/06\/Tarteletteauxcerises2-scaled.jpg\",\"contentUrl\":\"https:\/\/dieze13.com\/blog\/wp-content\/uploads\/2021\/06\/Tarteletteauxcerises2-scaled.jpg\",\"width\":2560,\"height\":2560,\"caption\":\"Zoom tartelette aux cerises\"},{\"@type\":\"BreadcrumbList\",\"@id\":\"https:\/\/dieze13.com\/blog\/faites-venir-lete-au-gouter-avec-ces-tartelettes-aux-cerises\/#breadcrumb\",\"itemListElement\":[{\"@type\":\"ListItem\",\"position\":1,\"name\":\"Accueil\",\"item\":\"https:\/\/dieze13.com\/blog\/\"},{\"@type\":\"ListItem\",\"position\":2,\"name\":\"Faites venir l&rsquo;\u00e9t\u00e9 au go\u00fbter avec ces tartelettes aux cerises\"}]},{\"@type\":\"WebSite\",\"@id\":\"https:\/\/dieze13.com\/blog\/#website\",\"url\":\"https:\/\/dieze13.com\/blog\/\",\"name\":\"Gourmandises dans la cuisine\",\"description\":\"\",\"publisher\":{\"@id\":\"https:\/\/dieze13.com\/blog\/#\/schema\/person\/5cf0acd276e3e6de727a9d5a3725aad9\"},\"potentialAction\":[{\"@type\":\"SearchAction\",\"target\":{\"@type\":\"EntryPoint\",\"urlTemplate\":\"https:\/\/dieze13.com\/blog\/?s={search_term_string}\"},\"query-input\":{\"@type\":\"PropertyValueSpecification\",\"valueRequired\":true,\"valueName\":\"search_term_string\"}}],\"inLanguage\":\"fr-FR\"},{\"@type\":[\"Person\",\"Organization\"],\"@id\":\"https:\/\/dieze13.com\/blog\/#\/schema\/person\/5cf0acd276e3e6de727a9d5a3725aad9\",\"name\":\"Marie\",\"image\":{\"@type\":\"ImageObject\",\"inLanguage\":\"fr-FR\",\"@id\":\"https:\/\/dieze13.com\/blog\/#\/schema\/person\/image\/\",\"url\":\"https:\/\/dieze13.com\/blog\/wp-content\/uploads\/2020\/11\/cropped-cropped-cropped-cropped-Logo-Site-e1606683405507.png\",\"contentUrl\":\"https:\/\/dieze13.com\/blog\/wp-content\/uploads\/2020\/11\/cropped-cropped-cropped-cropped-Logo-Site-e1606683405507.png\",\"width\":70,\"height\":70,\"caption\":\"Marie\"},\"logo\":{\"@id\":\"https:\/\/dieze13.com\/blog\/#\/schema\/person\/image\/\"}}]}<\/script>\n<!-- \/ Yoast SEO plugin. -->","yoast_head_json":{"title":"Faites venir l'\u00e9t\u00e9 au go\u00fbter avec ces tartelettes aux cerises","description":"Les cerises sont de retour pour r\u00e9galer nos papilles ! Une occasion de r\u00e9aliser ces petites tartelettes aux cerises, amande et mascarpone.","robots":{"index":"index","follow":"follow","max-snippet":"max-snippet:-1","max-image-preview":"max-image-preview:large","max-video-preview":"max-video-preview:-1"},"canonical":"https:\/\/dieze13.com\/blog\/faites-venir-lete-au-gouter-avec-ces-tartelettes-aux-cerises\/","og_locale":"fr_FR","og_type":"article","og_title":"Faites venir l'\u00e9t\u00e9 au go\u00fbter avec ces tartelettes aux cerises","og_description":"Les cerises sont de retour pour r\u00e9galer nos papilles ! Une occasion de r\u00e9aliser ces petites tartelettes aux cerises, amande et mascarpone.","og_url":"https:\/\/dieze13.com\/blog\/faites-venir-lete-au-gouter-avec-ces-tartelettes-aux-cerises\/","og_site_name":"Gourmandises dans la cuisine","article_published_time":"2021-06-09T20:26:29+00:00","article_modified_time":"2021-06-25T18:42:12+00:00","og_image":[{"width":2560,"height":2560,"url":"https:\/\/dieze13.com\/blog\/wp-content\/uploads\/2021\/06\/Tarteletteauxcerises2-scaled.jpg","type":"image\/jpeg"}],"author":"Marie","twitter_card":"summary_large_image","twitter_misc":{"\u00c9crit par":"Marie","Dur\u00e9e de lecture estim\u00e9e":"3 minutes"},"schema":{"@context":"https:\/\/schema.org","@graph":[{"@type":"Article","@id":"https:\/\/dieze13.com\/blog\/faites-venir-lete-au-gouter-avec-ces-tartelettes-aux-cerises\/#article","isPartOf":{"@id":"https:\/\/dieze13.com\/blog\/faites-venir-lete-au-gouter-avec-ces-tartelettes-aux-cerises\/"},"author":{"name":"Marie","@id":"https:\/\/dieze13.com\/blog\/#\/schema\/person\/5cf0acd276e3e6de727a9d5a3725aad9"},"headline":"Faites venir l&rsquo;\u00e9t\u00e9 au go\u00fbter avec ces tartelettes aux cerises","datePublished":"2021-06-09T20:26:29+00:00","dateModified":"2021-06-25T18:42:12+00:00","mainEntityOfPage":{"@id":"https:\/\/dieze13.com\/blog\/faites-venir-lete-au-gouter-avec-ces-tartelettes-aux-cerises\/"},"wordCount":482,"commentCount":0,"publisher":{"@id":"https:\/\/dieze13.com\/blog\/#\/schema\/person\/5cf0acd276e3e6de727a9d5a3725aad9"},"image":{"@id":"https:\/\/dieze13.com\/blog\/faites-venir-lete-au-gouter-avec-ces-tartelettes-aux-cerises\/#primaryimage"},"thumbnailUrl":"https:\/\/dieze13.com\/blog\/wp-content\/uploads\/2021\/06\/Tarteletteauxcerises2-scaled.jpg","keywords":["amande","cerise","mascarpone","tarte","tartelettes"],"articleSection":["Tartes"],"inLanguage":"fr-FR","potentialAction":[{"@type":"CommentAction","name":"Comment","target":["https:\/\/dieze13.com\/blog\/faites-venir-lete-au-gouter-avec-ces-tartelettes-aux-cerises\/#respond"]}]},{"@type":"WebPage","@id":"https:\/\/dieze13.com\/blog\/faites-venir-lete-au-gouter-avec-ces-tartelettes-aux-cerises\/","url":"https:\/\/dieze13.com\/blog\/faites-venir-lete-au-gouter-avec-ces-tartelettes-aux-cerises\/","name":"Faites venir l'\u00e9t\u00e9 au go\u00fbter avec ces tartelettes aux cerises","isPartOf":{"@id":"https:\/\/dieze13.com\/blog\/#website"},"primaryImageOfPage":{"@id":"https:\/\/dieze13.com\/blog\/faites-venir-lete-au-gouter-avec-ces-tartelettes-aux-cerises\/#primaryimage"},"image":{"@id":"https:\/\/dieze13.com\/blog\/faites-venir-lete-au-gouter-avec-ces-tartelettes-aux-cerises\/#primaryimage"},"thumbnailUrl":"https:\/\/dieze13.com\/blog\/wp-content\/uploads\/2021\/06\/Tarteletteauxcerises2-scaled.jpg","datePublished":"2021-06-09T20:26:29+00:00","dateModified":"2021-06-25T18:42:12+00:00","description":"Les cerises sont de retour pour r\u00e9galer nos papilles ! Une occasion de r\u00e9aliser ces petites tartelettes aux cerises, amande et mascarpone.","breadcrumb":{"@id":"https:\/\/dieze13.com\/blog\/faites-venir-lete-au-gouter-avec-ces-tartelettes-aux-cerises\/#breadcrumb"},"inLanguage":"fr-FR","potentialAction":[{"@type":"ReadAction","target":["https:\/\/dieze13.com\/blog\/faites-venir-lete-au-gouter-avec-ces-tartelettes-aux-cerises\/"]}]},{"@type":"ImageObject","inLanguage":"fr-FR","@id":"https:\/\/dieze13.com\/blog\/faites-venir-lete-au-gouter-avec-ces-tartelettes-aux-cerises\/#primaryimage","url":"https:\/\/dieze13.com\/blog\/wp-content\/uploads\/2021\/06\/Tarteletteauxcerises2-scaled.jpg","contentUrl":"https:\/\/dieze13.com\/blog\/wp-content\/uploads\/2021\/06\/Tarteletteauxcerises2-scaled.jpg","width":2560,"height":2560,"caption":"Zoom tartelette aux cerises"},{"@type":"BreadcrumbList","@id":"https:\/\/dieze13.com\/blog\/faites-venir-lete-au-gouter-avec-ces-tartelettes-aux-cerises\/#breadcrumb","itemListElement":[{"@type":"ListItem","position":1,"name":"Accueil","item":"https:\/\/dieze13.com\/blog\/"},{"@type":"ListItem","position":2,"name":"Faites venir l&rsquo;\u00e9t\u00e9 au go\u00fbter avec ces tartelettes aux cerises"}]},{"@type":"WebSite","@id":"https:\/\/dieze13.com\/blog\/#website","url":"https:\/\/dieze13.com\/blog\/","name":"Gourmandises dans la cuisine","description":"","publisher":{"@id":"https:\/\/dieze13.com\/blog\/#\/schema\/person\/5cf0acd276e3e6de727a9d5a3725aad9"},"potentialAction":[{"@type":"SearchAction","target":{"@type":"EntryPoint","urlTemplate":"https:\/\/dieze13.com\/blog\/?s={search_term_string}"},"query-input":{"@type":"PropertyValueSpecification","valueRequired":true,"valueName":"search_term_string"}}],"inLanguage":"fr-FR"},{"@type":["Person","Organization"],"@id":"https:\/\/dieze13.com\/blog\/#\/schema\/person\/5cf0acd276e3e6de727a9d5a3725aad9","name":"Marie","image":{"@type":"ImageObject","inLanguage":"fr-FR","@id":"https:\/\/dieze13.com\/blog\/#\/schema\/person\/image\/","url":"https:\/\/dieze13.com\/blog\/wp-content\/uploads\/2020\/11\/cropped-cropped-cropped-cropped-Logo-Site-e1606683405507.png","contentUrl":"https:\/\/dieze13.com\/blog\/wp-content\/uploads\/2020\/11\/cropped-cropped-cropped-cropped-Logo-Site-e1606683405507.png","width":70,"height":70,"caption":"Marie"},"logo":{"@id":"https:\/\/dieze13.com\/blog\/#\/schema\/person\/image\/"}}]}},"_links":{"self":[{"href":"https:\/\/dieze13.com\/blog\/wp-json\/wp\/v2\/posts\/1441","targetHints":{"allow":["GET"]}}],"collection":[{"href":"https:\/\/dieze13.com\/blog\/wp-json\/wp\/v2\/posts"}],"about":[{"href":"https:\/\/dieze13.com\/blog\/wp-json\/wp\/v2\/types\/post"}],"author":[{"embeddable":true,"href":"https:\/\/dieze13.com\/blog\/wp-json\/wp\/v2\/users\/1"}],"replies":[{"embeddable":true,"href":"https:\/\/dieze13.com\/blog\/wp-json\/wp\/v2\/comments?post=1441"}],"version-history":[{"count":6,"href":"https:\/\/dieze13.com\/blog\/wp-json\/wp\/v2\/posts\/1441\/revisions"}],"predecessor-version":[{"id":1473,"href":"https:\/\/dieze13.com\/blog\/wp-json\/wp\/v2\/posts\/1441\/revisions\/1473"}],"wp:featuredmedia":[{"embeddable":true,"href":"https:\/\/dieze13.com\/blog\/wp-json\/wp\/v2\/media\/1443"}],"wp:attachment":[{"href":"https:\/\/dieze13.com\/blog\/wp-json\/wp\/v2\/media?parent=1441"}],"wp:term":[{"taxonomy":"category","embeddable":true,"href":"https:\/\/dieze13.com\/blog\/wp-json\/wp\/v2\/categories?post=1441"},{"taxonomy":"post_tag","embeddable":true,"href":"https:\/\/dieze13.com\/blog\/wp-json\/wp\/v2\/tags?post=1441"}],"curies":[{"name":"wp","href":"https:\/\/api.w.org\/{rel}","templated":true}]}}