{"id":1479,"date":"2021-06-26T20:28:06","date_gmt":"2021-06-26T18:28:06","guid":{"rendered":"https:\/\/dieze13.com\/blog\/?p=1479"},"modified":"2021-06-26T20:28:11","modified_gmt":"2021-06-26T18:28:11","slug":"faites-entrer-le-soleil-avec-la-tarte-amandine-aux-abricots","status":"publish","type":"post","link":"https:\/\/dieze13.com\/blog\/faites-entrer-le-soleil-avec-la-tarte-amandine-aux-abricots\/","title":{"rendered":"Faites entrer le soleil avec la tarte amandine aux abricots"},"content":{"rendered":"\n<p>On continue dans la pr\u00e9paration des tartes qui sentent bon l&rsquo;\u00e9t\u00e9 et le soleil ! Retrouvez aujourd&rsquo;hui ma recette de tarte amandine aux abricots.<\/p>\n\n\n\n<p>Pour plus de fun, on laisse parler sa cr\u00e9ativit\u00e9 en donnant \u00e0 cette tarte un petit c\u00f4t\u00e9 rigolo avec de jolies petites abeilles.<\/p>\n\n\n\n<p><em>Les quantit\u00e9s vous permettront de pr\u00e9parer une tarte pour 6 personnes.<\/em><\/p>\n\n\n\n<h2 class=\"wp-block-heading\">1 \u2013 La p\u00e2te sucr\u00e9e&nbsp;<\/h2>\n\n\n\n<h3 class=\"wp-block-heading\">Les ingr\u00e9dients&nbsp;<\/h3>\n\n\n\n<ul class=\"wp-block-list\"><li>60 g de beurre tr\u00e8s mou (pommade)<\/li><li>40 g de sucre glace tamis\u00e9<\/li><li>1 belle gousse de vanille<\/li><li>20 g de poudre d\u2019amandes<\/li><li>1 pinc\u00e9e de sel fin<\/li><li>1 oeuf \u00e0 temp\u00e9rature ambiante<\/li><li>100 g de farine tamis\u00e9e<\/li><\/ul>\n\n\n\n<h3 class=\"wp-block-heading\">Les \u00e9tapes de la pr\u00e9paration&nbsp;<\/h3>\n\n\n\n<ol class=\"wp-block-list\"><li>Dans un saladier, d\u00e9poser le beurre pommade, le sucre glace tamis\u00e9, les grains de la gousse de vanille, la poudre d\u2019amandes et le sel. Bien travailler l\u2019ensemble pour obtenir une p\u00e2te homog\u00e8ne.<\/li><li>Ajouter ensuite l\u2019oeuf et m\u00e9langer. Enfin, verser la farine tamis\u00e9e et l\u2019incorporer sans trop travailler la p\u00e2te.<\/li><li>Former une boule puis l\u2019aplatir. La filmer ou la mettre dans un sac cong\u00e9lation. Laisser reposer 1h au r\u00e9frig\u00e9rateur.<\/li><li>Abaisser (\u00e9taler) la p\u00e2te sur un plan de travail l\u00e9g\u00e8rement farin\u00e9, pour obtenir une \u00e9paisseur de 2 mm.<\/li><li>R\u00e9server au frais pour que la p\u00e2te soit plus facile \u00e0 \u00e9taler dans le moules \u00e0 tarte. (environ 30 minutes)<\/li><li>Etaler la p\u00e2te dans votre moule \u00e0 tarte, piquez le fond de tarte \u00e0 l\u2019aide d\u2019une fourchette.<\/li><\/ol>\n\n\n\n<h2 class=\"wp-block-heading\">2 \u2013 La cr\u00e8me d\u2019amandes<\/h2>\n\n\n\n<h3 class=\"wp-block-heading\">Les ingr\u00e9dients&nbsp;<\/h3>\n\n\n\n<ul class=\"wp-block-list\"><li>60 g de beurre mou<\/li><li>1 gros oeuf (60g)<\/li><li>60 g de poudre d\u2019amande<\/li><li>60 g de sucre<\/li><li>1 cuill\u00e8re \u00e0 caf\u00e9 de Ma\u00efzena<\/li><li>3 abricots<\/li><\/ul>\n\n\n\n<h3 class=\"wp-block-heading\">Les \u00e9tapes de la pr\u00e9paration&nbsp;<\/h3>\n\n\n\n<ol class=\"wp-block-list\"><li>Pr\u00e9chauffez le four \u00e0 180\u00b0<\/li><li>Travaillez le beurre au batteur (avec la feuille) pour le r\u00e9duire en cr\u00e8me.&nbsp;<\/li><li>Ajoutez ensuite le sucre et m\u00e9langer.&nbsp;<\/li><li>Incorporez les oeufs battus en 2 fois et fouetter.<\/li><li>Ajoutez alors le reste de la poudre d\u2019amande et la ma\u00efzena.<\/li><li>M\u00e9langez jusqu\u2019\u00e0 l\u2019obtention d\u2019une cr\u00e8me homog\u00e8ne.<\/li><li>D\u00e9coupez les abricots en petits d\u00e9s<\/li><li>Garnissez le fond de tarte de cr\u00e8me d\u2019amande et d\u00e9posez vos d\u00e9s d&rsquo;abricot sur la cr\u00e8me d&rsquo;amandes.<\/li><li>Enfournez pour environ 20 minutes \u00e0 180\u00b0&nbsp;<em>\u2013 Surveillez la cuisson<\/em><\/li><li>Sortez votre tarte du four puis laissez-les refroidir.<\/li><\/ol>\n\n\n\n<h2 class=\"wp-block-heading\">3\u2013 La d\u00e9coration de votre tarte amandine aux abricots<\/h2>\n\n\n\n<h3 class=\"wp-block-heading\">Vous aurez besoin de : <\/h3>\n\n\n\n<ul class=\"wp-block-list\"><li>Du sucre glace<\/li><li>Des demi abricots au sirop<\/li><li>25g de chocolat noir<\/li><li>Des amandes effil\u00e9es <\/li><\/ul>\n\n\n\n<h3 class=\"wp-block-heading\">Les \u00e9tapes de la d\u00e9coration :<\/h3>\n\n\n\n<ol class=\"wp-block-list\"><li>Tamisez un peu de sucre glace sur la surface de votre tarte amandine.<\/li><li>Pr\u00e9parez vos abeilles : <ul><li>Choisissez 6 jolis demi abricots et \u00e9pongez-les avec du papier absorbant<\/li><\/ul><ul><li>Faites fondre le chocolat noir, et mettez-le dans une poche \u00e0 douille<\/li><li>A l&rsquo;aide d&rsquo;une douille tr\u00e8s fine, tracez 3 lignes sur chaque demi-abricot, et 2 points pour les yeux<\/li><li>Ajoutez 2 amandes effil\u00e9e en guise d&rsquo;ailes<\/li><\/ul><\/li><li>D\u00e9posez d\u00e9licatement les petites abeilles sur votre tarte.<\/li><\/ol>\n\n\n\n<p>Voil\u00e0 une d\u00e9licieuse et jolie tarte amandine aux abricots pour r\u00e9galer petits et grands ! <\/p>\n\n\n\n<figure class=\"wp-block-gallery columns-2 is-cropped wp-block-gallery-1 is-layout-flex wp-block-gallery-is-layout-flex\"><ul class=\"blocks-gallery-grid\"><li class=\"blocks-gallery-item\"><figure><a href=\"https:\/\/dieze13.com\/blog\/wp-content\/uploads\/2021\/06\/TarteAmandineAuxAbricots4-scaled.jpg\"><img loading=\"lazy\" decoding=\"async\" width=\"1024\" height=\"1024\" src=\"https:\/\/dieze13.com\/blog\/wp-content\/uploads\/2021\/06\/TarteAmandineAuxAbricots4-1024x1024.jpg\" alt=\"Zoom abricot abeille\" data-id=\"1495\" data-full-url=\"https:\/\/dieze13.com\/blog\/wp-content\/uploads\/2021\/06\/TarteAmandineAuxAbricots4-scaled.jpg\" data-link=\"https:\/\/dieze13.com\/blog\/?attachment_id=1495\" class=\"wp-image-1495\" srcset=\"https:\/\/dieze13.com\/blog\/wp-content\/uploads\/2021\/06\/TarteAmandineAuxAbricots4-1024x1024.jpg 1024w, https:\/\/dieze13.com\/blog\/wp-content\/uploads\/2021\/06\/TarteAmandineAuxAbricots4-300x300.jpg 300w, https:\/\/dieze13.com\/blog\/wp-content\/uploads\/2021\/06\/TarteAmandineAuxAbricots4-150x150.jpg 150w, https:\/\/dieze13.com\/blog\/wp-content\/uploads\/2021\/06\/TarteAmandineAuxAbricots4-768x768.jpg 768w, https:\/\/dieze13.com\/blog\/wp-content\/uploads\/2021\/06\/TarteAmandineAuxAbricots4-1536x1536.jpg 1536w, https:\/\/dieze13.com\/blog\/wp-content\/uploads\/2021\/06\/TarteAmandineAuxAbricots4-2048x2048.jpg 2048w, https:\/\/dieze13.com\/blog\/wp-content\/uploads\/2021\/06\/TarteAmandineAuxAbricots4-60x60.jpg 60w\" sizes=\"auto, (max-width: 1024px) 100vw, 1024px\" \/><\/a><\/figure><\/li><li class=\"blocks-gallery-item\"><figure><a href=\"https:\/\/dieze13.com\/blog\/wp-content\/uploads\/2021\/06\/TarteAmandineAuxAbricots-scaled.jpg\"><img loading=\"lazy\" decoding=\"async\" width=\"1024\" height=\"1024\" src=\"https:\/\/dieze13.com\/blog\/wp-content\/uploads\/2021\/06\/TarteAmandineAuxAbricots-1024x1024.jpg\" alt=\"Zoom abricot abeille\" data-id=\"1492\" data-full-url=\"https:\/\/dieze13.com\/blog\/wp-content\/uploads\/2021\/06\/TarteAmandineAuxAbricots-scaled.jpg\" data-link=\"https:\/\/dieze13.com\/blog\/?attachment_id=1492\" class=\"wp-image-1492\" srcset=\"https:\/\/dieze13.com\/blog\/wp-content\/uploads\/2021\/06\/TarteAmandineAuxAbricots-1024x1024.jpg 1024w, https:\/\/dieze13.com\/blog\/wp-content\/uploads\/2021\/06\/TarteAmandineAuxAbricots-300x300.jpg 300w, https:\/\/dieze13.com\/blog\/wp-content\/uploads\/2021\/06\/TarteAmandineAuxAbricots-150x150.jpg 150w, https:\/\/dieze13.com\/blog\/wp-content\/uploads\/2021\/06\/TarteAmandineAuxAbricots-768x768.jpg 768w, https:\/\/dieze13.com\/blog\/wp-content\/uploads\/2021\/06\/TarteAmandineAuxAbricots-1536x1536.jpg 1536w, https:\/\/dieze13.com\/blog\/wp-content\/uploads\/2021\/06\/TarteAmandineAuxAbricots-2048x2048.jpg 2048w, https:\/\/dieze13.com\/blog\/wp-content\/uploads\/2021\/06\/TarteAmandineAuxAbricots-60x60.jpg 60w\" sizes=\"auto, (max-width: 1024px) 100vw, 1024px\" \/><\/a><\/figure><\/li><li class=\"blocks-gallery-item\"><figure><a href=\"https:\/\/dieze13.com\/blog\/wp-content\/uploads\/2021\/06\/TarteAmandineAuxAbricots2-scaled.jpg\"><img loading=\"lazy\" decoding=\"async\" width=\"1024\" height=\"1024\" src=\"https:\/\/dieze13.com\/blog\/wp-content\/uploads\/2021\/06\/TarteAmandineAuxAbricots2-1024x1024.jpg\" alt=\"Tarte amandine aux abricots vue de haut\" data-id=\"1493\" data-full-url=\"https:\/\/dieze13.com\/blog\/wp-content\/uploads\/2021\/06\/TarteAmandineAuxAbricots2-scaled.jpg\" data-link=\"https:\/\/dieze13.com\/blog\/?attachment_id=1493\" class=\"wp-image-1493\" srcset=\"https:\/\/dieze13.com\/blog\/wp-content\/uploads\/2021\/06\/TarteAmandineAuxAbricots2-1024x1024.jpg 1024w, https:\/\/dieze13.com\/blog\/wp-content\/uploads\/2021\/06\/TarteAmandineAuxAbricots2-300x300.jpg 300w, https:\/\/dieze13.com\/blog\/wp-content\/uploads\/2021\/06\/TarteAmandineAuxAbricots2-150x150.jpg 150w, https:\/\/dieze13.com\/blog\/wp-content\/uploads\/2021\/06\/TarteAmandineAuxAbricots2-768x768.jpg 768w, https:\/\/dieze13.com\/blog\/wp-content\/uploads\/2021\/06\/TarteAmandineAuxAbricots2-1536x1536.jpg 1536w, https:\/\/dieze13.com\/blog\/wp-content\/uploads\/2021\/06\/TarteAmandineAuxAbricots2-2048x2048.jpg 2048w, https:\/\/dieze13.com\/blog\/wp-content\/uploads\/2021\/06\/TarteAmandineAuxAbricots2-60x60.jpg 60w\" sizes=\"auto, (max-width: 1024px) 100vw, 1024px\" \/><\/a><\/figure><\/li><\/ul><\/figure>\n","protected":false},"excerpt":{"rendered":"<p>On continue dans la pr\u00e9paration des tartes qui sentent bon l&rsquo;\u00e9t\u00e9 et le soleil ! Retrouvez aujourd&rsquo;hui ma recette de tarte amandine aux abricots. Pour plus de fun, on laisse parler sa cr\u00e9ativit\u00e9 en donnant \u00e0 cette tarte un petit c\u00f4t\u00e9 rigolo avec de jolies petites abeilles. Les quantit\u00e9s vous permettront de pr\u00e9parer une tarte &hellip; <\/p>\n","protected":false},"author":1,"featured_media":1494,"comment_status":"open","ping_status":"open","sticky":false,"template":"","format":"standard","meta":{"_monsterinsights_skip_tracking":false,"_monsterinsights_sitenote_active":false,"_monsterinsights_sitenote_note":"","_monsterinsights_sitenote_category":0,"footnotes":""},"categories":[16],"tags":[39,125,278,21],"class_list":["post-1479","post","type-post","status-publish","format-standard","has-post-thumbnail","hentry","category-tartes","tag-abricot","tag-amande","tag-amandine","tag-tarte"],"yoast_head":"<!-- This site is optimized with the Yoast SEO plugin v24.9 - https:\/\/yoast.com\/wordpress\/plugins\/seo\/ -->\n<title>Faites entrer le soleil avec la tarte amandine aux abricots<\/title>\n<meta name=\"description\" content=\"L&#039;\u00e9t\u00e9 est de retour ! Ses fruits du soleil \u00e9galement... alors c&#039;est le moment de r\u00e9aliser une tarte amandine aux abricots.\" \/>\n<meta name=\"robots\" content=\"index, follow, max-snippet:-1, max-image-preview:large, max-video-preview:-1\" \/>\n<link rel=\"canonical\" href=\"https:\/\/dieze13.com\/blog\/faites-entrer-le-soleil-avec-la-tarte-amandine-aux-abricots\/\" \/>\n<meta property=\"og:locale\" content=\"fr_FR\" \/>\n<meta property=\"og:type\" content=\"article\" \/>\n<meta property=\"og:title\" content=\"Faites entrer le soleil avec la tarte amandine aux abricots\" \/>\n<meta property=\"og:description\" content=\"L&#039;\u00e9t\u00e9 est de retour ! Ses fruits du soleil \u00e9galement... alors c&#039;est le moment de r\u00e9aliser une tarte amandine aux abricots.\" \/>\n<meta property=\"og:url\" content=\"https:\/\/dieze13.com\/blog\/faites-entrer-le-soleil-avec-la-tarte-amandine-aux-abricots\/\" \/>\n<meta property=\"og:site_name\" content=\"Gourmandises dans la cuisine\" \/>\n<meta property=\"article:published_time\" content=\"2021-06-26T18:28:06+00:00\" \/>\n<meta property=\"article:modified_time\" content=\"2021-06-26T18:28:11+00:00\" \/>\n<meta property=\"og:image\" content=\"https:\/\/dieze13.com\/blog\/wp-content\/uploads\/2021\/06\/TarteAmandineAuxAbricots3-scaled.jpg\" \/>\n\t<meta property=\"og:image:width\" content=\"2560\" \/>\n\t<meta property=\"og:image:height\" content=\"2560\" \/>\n\t<meta property=\"og:image:type\" content=\"image\/jpeg\" \/>\n<meta name=\"author\" content=\"Marie\" \/>\n<meta name=\"twitter:card\" content=\"summary_large_image\" \/>\n<meta name=\"twitter:label1\" content=\"\u00c9crit par\" \/>\n\t<meta name=\"twitter:data1\" content=\"Marie\" \/>\n\t<meta name=\"twitter:label2\" content=\"Dur\u00e9e de lecture estim\u00e9e\" \/>\n\t<meta name=\"twitter:data2\" content=\"3 minutes\" \/>\n<script type=\"application\/ld+json\" class=\"yoast-schema-graph\">{\"@context\":\"https:\/\/schema.org\",\"@graph\":[{\"@type\":\"Article\",\"@id\":\"https:\/\/dieze13.com\/blog\/faites-entrer-le-soleil-avec-la-tarte-amandine-aux-abricots\/#article\",\"isPartOf\":{\"@id\":\"https:\/\/dieze13.com\/blog\/faites-entrer-le-soleil-avec-la-tarte-amandine-aux-abricots\/\"},\"author\":{\"name\":\"Marie\",\"@id\":\"https:\/\/dieze13.com\/blog\/#\/schema\/person\/5cf0acd276e3e6de727a9d5a3725aad9\"},\"headline\":\"Faites entrer le soleil avec la tarte amandine aux abricots\",\"datePublished\":\"2021-06-26T18:28:06+00:00\",\"dateModified\":\"2021-06-26T18:28:11+00:00\",\"mainEntityOfPage\":{\"@id\":\"https:\/\/dieze13.com\/blog\/faites-entrer-le-soleil-avec-la-tarte-amandine-aux-abricots\/\"},\"wordCount\":529,\"commentCount\":0,\"publisher\":{\"@id\":\"https:\/\/dieze13.com\/blog\/#\/schema\/person\/5cf0acd276e3e6de727a9d5a3725aad9\"},\"image\":{\"@id\":\"https:\/\/dieze13.com\/blog\/faites-entrer-le-soleil-avec-la-tarte-amandine-aux-abricots\/#primaryimage\"},\"thumbnailUrl\":\"https:\/\/dieze13.com\/blog\/wp-content\/uploads\/2021\/06\/TarteAmandineAuxAbricots3-scaled.jpg\",\"keywords\":[\"abricot\",\"amande\",\"amandine\",\"tarte\"],\"articleSection\":[\"Tartes\"],\"inLanguage\":\"fr-FR\",\"potentialAction\":[{\"@type\":\"CommentAction\",\"name\":\"Comment\",\"target\":[\"https:\/\/dieze13.com\/blog\/faites-entrer-le-soleil-avec-la-tarte-amandine-aux-abricots\/#respond\"]}]},{\"@type\":\"WebPage\",\"@id\":\"https:\/\/dieze13.com\/blog\/faites-entrer-le-soleil-avec-la-tarte-amandine-aux-abricots\/\",\"url\":\"https:\/\/dieze13.com\/blog\/faites-entrer-le-soleil-avec-la-tarte-amandine-aux-abricots\/\",\"name\":\"Faites entrer le soleil avec la tarte amandine aux abricots\",\"isPartOf\":{\"@id\":\"https:\/\/dieze13.com\/blog\/#website\"},\"primaryImageOfPage\":{\"@id\":\"https:\/\/dieze13.com\/blog\/faites-entrer-le-soleil-avec-la-tarte-amandine-aux-abricots\/#primaryimage\"},\"image\":{\"@id\":\"https:\/\/dieze13.com\/blog\/faites-entrer-le-soleil-avec-la-tarte-amandine-aux-abricots\/#primaryimage\"},\"thumbnailUrl\":\"https:\/\/dieze13.com\/blog\/wp-content\/uploads\/2021\/06\/TarteAmandineAuxAbricots3-scaled.jpg\",\"datePublished\":\"2021-06-26T18:28:06+00:00\",\"dateModified\":\"2021-06-26T18:28:11+00:00\",\"description\":\"L'\u00e9t\u00e9 est de retour ! Ses fruits du soleil \u00e9galement... alors c'est le moment de r\u00e9aliser une tarte amandine aux abricots.\",\"breadcrumb\":{\"@id\":\"https:\/\/dieze13.com\/blog\/faites-entrer-le-soleil-avec-la-tarte-amandine-aux-abricots\/#breadcrumb\"},\"inLanguage\":\"fr-FR\",\"potentialAction\":[{\"@type\":\"ReadAction\",\"target\":[\"https:\/\/dieze13.com\/blog\/faites-entrer-le-soleil-avec-la-tarte-amandine-aux-abricots\/\"]}]},{\"@type\":\"ImageObject\",\"inLanguage\":\"fr-FR\",\"@id\":\"https:\/\/dieze13.com\/blog\/faites-entrer-le-soleil-avec-la-tarte-amandine-aux-abricots\/#primaryimage\",\"url\":\"https:\/\/dieze13.com\/blog\/wp-content\/uploads\/2021\/06\/TarteAmandineAuxAbricots3-scaled.jpg\",\"contentUrl\":\"https:\/\/dieze13.com\/blog\/wp-content\/uploads\/2021\/06\/TarteAmandineAuxAbricots3-scaled.jpg\",\"width\":2560,\"height\":2560,\"caption\":\"Zoom abricot abeille\"},{\"@type\":\"BreadcrumbList\",\"@id\":\"https:\/\/dieze13.com\/blog\/faites-entrer-le-soleil-avec-la-tarte-amandine-aux-abricots\/#breadcrumb\",\"itemListElement\":[{\"@type\":\"ListItem\",\"position\":1,\"name\":\"Accueil\",\"item\":\"https:\/\/dieze13.com\/blog\/\"},{\"@type\":\"ListItem\",\"position\":2,\"name\":\"Faites entrer le soleil avec la tarte amandine aux abricots\"}]},{\"@type\":\"WebSite\",\"@id\":\"https:\/\/dieze13.com\/blog\/#website\",\"url\":\"https:\/\/dieze13.com\/blog\/\",\"name\":\"Gourmandises dans la cuisine\",\"description\":\"\",\"publisher\":{\"@id\":\"https:\/\/dieze13.com\/blog\/#\/schema\/person\/5cf0acd276e3e6de727a9d5a3725aad9\"},\"potentialAction\":[{\"@type\":\"SearchAction\",\"target\":{\"@type\":\"EntryPoint\",\"urlTemplate\":\"https:\/\/dieze13.com\/blog\/?s={search_term_string}\"},\"query-input\":{\"@type\":\"PropertyValueSpecification\",\"valueRequired\":true,\"valueName\":\"search_term_string\"}}],\"inLanguage\":\"fr-FR\"},{\"@type\":[\"Person\",\"Organization\"],\"@id\":\"https:\/\/dieze13.com\/blog\/#\/schema\/person\/5cf0acd276e3e6de727a9d5a3725aad9\",\"name\":\"Marie\",\"image\":{\"@type\":\"ImageObject\",\"inLanguage\":\"fr-FR\",\"@id\":\"https:\/\/dieze13.com\/blog\/#\/schema\/person\/image\/\",\"url\":\"https:\/\/dieze13.com\/blog\/wp-content\/uploads\/2020\/11\/cropped-cropped-cropped-cropped-Logo-Site-e1606683405507.png\",\"contentUrl\":\"https:\/\/dieze13.com\/blog\/wp-content\/uploads\/2020\/11\/cropped-cropped-cropped-cropped-Logo-Site-e1606683405507.png\",\"width\":70,\"height\":70,\"caption\":\"Marie\"},\"logo\":{\"@id\":\"https:\/\/dieze13.com\/blog\/#\/schema\/person\/image\/\"}}]}<\/script>\n<!-- \/ Yoast SEO plugin. -->","yoast_head_json":{"title":"Faites entrer le soleil avec la tarte amandine aux abricots","description":"L'\u00e9t\u00e9 est de retour ! Ses fruits du soleil \u00e9galement... alors c'est le moment de r\u00e9aliser une tarte amandine aux abricots.","robots":{"index":"index","follow":"follow","max-snippet":"max-snippet:-1","max-image-preview":"max-image-preview:large","max-video-preview":"max-video-preview:-1"},"canonical":"https:\/\/dieze13.com\/blog\/faites-entrer-le-soleil-avec-la-tarte-amandine-aux-abricots\/","og_locale":"fr_FR","og_type":"article","og_title":"Faites entrer le soleil avec la tarte amandine aux abricots","og_description":"L'\u00e9t\u00e9 est de retour ! Ses fruits du soleil \u00e9galement... alors c'est le moment de r\u00e9aliser une tarte amandine aux abricots.","og_url":"https:\/\/dieze13.com\/blog\/faites-entrer-le-soleil-avec-la-tarte-amandine-aux-abricots\/","og_site_name":"Gourmandises dans la cuisine","article_published_time":"2021-06-26T18:28:06+00:00","article_modified_time":"2021-06-26T18:28:11+00:00","og_image":[{"width":2560,"height":2560,"url":"https:\/\/dieze13.com\/blog\/wp-content\/uploads\/2021\/06\/TarteAmandineAuxAbricots3-scaled.jpg","type":"image\/jpeg"}],"author":"Marie","twitter_card":"summary_large_image","twitter_misc":{"\u00c9crit par":"Marie","Dur\u00e9e de lecture estim\u00e9e":"3 minutes"},"schema":{"@context":"https:\/\/schema.org","@graph":[{"@type":"Article","@id":"https:\/\/dieze13.com\/blog\/faites-entrer-le-soleil-avec-la-tarte-amandine-aux-abricots\/#article","isPartOf":{"@id":"https:\/\/dieze13.com\/blog\/faites-entrer-le-soleil-avec-la-tarte-amandine-aux-abricots\/"},"author":{"name":"Marie","@id":"https:\/\/dieze13.com\/blog\/#\/schema\/person\/5cf0acd276e3e6de727a9d5a3725aad9"},"headline":"Faites entrer le soleil avec la tarte amandine aux abricots","datePublished":"2021-06-26T18:28:06+00:00","dateModified":"2021-06-26T18:28:11+00:00","mainEntityOfPage":{"@id":"https:\/\/dieze13.com\/blog\/faites-entrer-le-soleil-avec-la-tarte-amandine-aux-abricots\/"},"wordCount":529,"commentCount":0,"publisher":{"@id":"https:\/\/dieze13.com\/blog\/#\/schema\/person\/5cf0acd276e3e6de727a9d5a3725aad9"},"image":{"@id":"https:\/\/dieze13.com\/blog\/faites-entrer-le-soleil-avec-la-tarte-amandine-aux-abricots\/#primaryimage"},"thumbnailUrl":"https:\/\/dieze13.com\/blog\/wp-content\/uploads\/2021\/06\/TarteAmandineAuxAbricots3-scaled.jpg","keywords":["abricot","amande","amandine","tarte"],"articleSection":["Tartes"],"inLanguage":"fr-FR","potentialAction":[{"@type":"CommentAction","name":"Comment","target":["https:\/\/dieze13.com\/blog\/faites-entrer-le-soleil-avec-la-tarte-amandine-aux-abricots\/#respond"]}]},{"@type":"WebPage","@id":"https:\/\/dieze13.com\/blog\/faites-entrer-le-soleil-avec-la-tarte-amandine-aux-abricots\/","url":"https:\/\/dieze13.com\/blog\/faites-entrer-le-soleil-avec-la-tarte-amandine-aux-abricots\/","name":"Faites entrer le soleil avec la tarte amandine aux abricots","isPartOf":{"@id":"https:\/\/dieze13.com\/blog\/#website"},"primaryImageOfPage":{"@id":"https:\/\/dieze13.com\/blog\/faites-entrer-le-soleil-avec-la-tarte-amandine-aux-abricots\/#primaryimage"},"image":{"@id":"https:\/\/dieze13.com\/blog\/faites-entrer-le-soleil-avec-la-tarte-amandine-aux-abricots\/#primaryimage"},"thumbnailUrl":"https:\/\/dieze13.com\/blog\/wp-content\/uploads\/2021\/06\/TarteAmandineAuxAbricots3-scaled.jpg","datePublished":"2021-06-26T18:28:06+00:00","dateModified":"2021-06-26T18:28:11+00:00","description":"L'\u00e9t\u00e9 est de retour ! Ses fruits du soleil \u00e9galement... alors c'est le moment de r\u00e9aliser une tarte amandine aux abricots.","breadcrumb":{"@id":"https:\/\/dieze13.com\/blog\/faites-entrer-le-soleil-avec-la-tarte-amandine-aux-abricots\/#breadcrumb"},"inLanguage":"fr-FR","potentialAction":[{"@type":"ReadAction","target":["https:\/\/dieze13.com\/blog\/faites-entrer-le-soleil-avec-la-tarte-amandine-aux-abricots\/"]}]},{"@type":"ImageObject","inLanguage":"fr-FR","@id":"https:\/\/dieze13.com\/blog\/faites-entrer-le-soleil-avec-la-tarte-amandine-aux-abricots\/#primaryimage","url":"https:\/\/dieze13.com\/blog\/wp-content\/uploads\/2021\/06\/TarteAmandineAuxAbricots3-scaled.jpg","contentUrl":"https:\/\/dieze13.com\/blog\/wp-content\/uploads\/2021\/06\/TarteAmandineAuxAbricots3-scaled.jpg","width":2560,"height":2560,"caption":"Zoom abricot abeille"},{"@type":"BreadcrumbList","@id":"https:\/\/dieze13.com\/blog\/faites-entrer-le-soleil-avec-la-tarte-amandine-aux-abricots\/#breadcrumb","itemListElement":[{"@type":"ListItem","position":1,"name":"Accueil","item":"https:\/\/dieze13.com\/blog\/"},{"@type":"ListItem","position":2,"name":"Faites entrer le soleil avec la tarte amandine aux abricots"}]},{"@type":"WebSite","@id":"https:\/\/dieze13.com\/blog\/#website","url":"https:\/\/dieze13.com\/blog\/","name":"Gourmandises dans la cuisine","description":"","publisher":{"@id":"https:\/\/dieze13.com\/blog\/#\/schema\/person\/5cf0acd276e3e6de727a9d5a3725aad9"},"potentialAction":[{"@type":"SearchAction","target":{"@type":"EntryPoint","urlTemplate":"https:\/\/dieze13.com\/blog\/?s={search_term_string}"},"query-input":{"@type":"PropertyValueSpecification","valueRequired":true,"valueName":"search_term_string"}}],"inLanguage":"fr-FR"},{"@type":["Person","Organization"],"@id":"https:\/\/dieze13.com\/blog\/#\/schema\/person\/5cf0acd276e3e6de727a9d5a3725aad9","name":"Marie","image":{"@type":"ImageObject","inLanguage":"fr-FR","@id":"https:\/\/dieze13.com\/blog\/#\/schema\/person\/image\/","url":"https:\/\/dieze13.com\/blog\/wp-content\/uploads\/2020\/11\/cropped-cropped-cropped-cropped-Logo-Site-e1606683405507.png","contentUrl":"https:\/\/dieze13.com\/blog\/wp-content\/uploads\/2020\/11\/cropped-cropped-cropped-cropped-Logo-Site-e1606683405507.png","width":70,"height":70,"caption":"Marie"},"logo":{"@id":"https:\/\/dieze13.com\/blog\/#\/schema\/person\/image\/"}}]}},"_links":{"self":[{"href":"https:\/\/dieze13.com\/blog\/wp-json\/wp\/v2\/posts\/1479","targetHints":{"allow":["GET"]}}],"collection":[{"href":"https:\/\/dieze13.com\/blog\/wp-json\/wp\/v2\/posts"}],"about":[{"href":"https:\/\/dieze13.com\/blog\/wp-json\/wp\/v2\/types\/post"}],"author":[{"embeddable":true,"href":"https:\/\/dieze13.com\/blog\/wp-json\/wp\/v2\/users\/1"}],"replies":[{"embeddable":true,"href":"https:\/\/dieze13.com\/blog\/wp-json\/wp\/v2\/comments?post=1479"}],"version-history":[{"count":4,"href":"https:\/\/dieze13.com\/blog\/wp-json\/wp\/v2\/posts\/1479\/revisions"}],"predecessor-version":[{"id":1496,"href":"https:\/\/dieze13.com\/blog\/wp-json\/wp\/v2\/posts\/1479\/revisions\/1496"}],"wp:featuredmedia":[{"embeddable":true,"href":"https:\/\/dieze13.com\/blog\/wp-json\/wp\/v2\/media\/1494"}],"wp:attachment":[{"href":"https:\/\/dieze13.com\/blog\/wp-json\/wp\/v2\/media?parent=1479"}],"wp:term":[{"taxonomy":"category","embeddable":true,"href":"https:\/\/dieze13.com\/blog\/wp-json\/wp\/v2\/categories?post=1479"},{"taxonomy":"post_tag","embeddable":true,"href":"https:\/\/dieze13.com\/blog\/wp-json\/wp\/v2\/tags?post=1479"}],"curies":[{"name":"wp","href":"https:\/\/api.w.org\/{rel}","templated":true}]}}