{"id":1521,"date":"2021-10-11T22:26:22","date_gmt":"2021-10-11T20:26:22","guid":{"rendered":"https:\/\/dieze13.com\/blog\/?p=1521"},"modified":"2022-09-23T21:46:12","modified_gmt":"2022-09-23T19:46:12","slug":"tarte-amandine-poire-chocolat","status":"publish","type":"post","link":"https:\/\/dieze13.com\/blog\/tarte-amandine-poire-chocolat\/","title":{"rendered":"Tarte amandine poire chocolat"},"content":{"rendered":"\n<p>L&rsquo;automne est bien l\u00e0, les feuilles des arbres commencent \u00e0 se parer de jolies couleurs chatoyantes et il est d\u00e9j\u00e0 l&rsquo;heure de r\u00e9colter les poires et les pommes ! En ce beau dimanche ensoleill\u00e9, j&rsquo;ai eu envie de pr\u00e9parer la tarte amandine poire chocolat de Cyril Lignac.<\/p>\n\n\n\n<h2 class=\"wp-block-heading\">Les ingr\u00e9dients <\/h2>\n\n\n\n<h3 class=\"wp-block-heading\">Pour la p\u00e2te sabl\u00e9e : <\/h3>\n\n\n\n<ul class=\"wp-block-list\"><li>125g de beurre<\/li><li>180g de farine<\/li><li>40g de cacao en poudre <\/li><li>100g de sucre<\/li><li>1 oeuf<\/li><\/ul>\n\n\n\n<h3 class=\"wp-block-heading\">Pour l&rsquo;appareil amandine poire chocolat : <\/h3>\n\n\n\n<ul class=\"wp-block-list\"><li>12cl de cr\u00e8me liquide enti\u00e8re<\/li><li>75g de chocolat<\/li><li>75g de poudre d&rsquo;amande<\/li><li>15g de sucre semoule <\/li><li>1 oeuf <\/li><li>2 \u00e0 3 belles poires (de la conf\u00e9rence pour nous !)<\/li><li>Quelques amandes effil\u00e9es pour la d\u00e9co <\/li><\/ul>\n\n\n\n<h3 class=\"wp-block-heading\">Les \u00e9tapes de la pr\u00e9paration : <\/h3>\n\n\n\n<ol class=\"wp-block-list\"><li>Dans un saladier, versez la farine, le cacao en poudre, le sucre et le beurre coup\u00e9 en morceaux. <br>M\u00e9langez du bout des doigts pour obtenir une texture sableuse. Ajoutez ensuite l&rsquo;\u0153uf pour lier le tout. Faites une boulez de p\u00e2te, enveloppez-la de film \u00e9tirable alimentaire et r\u00e9servez deux heures au r\u00e9frig\u00e9rateur.<\/li><li>Etalez ensuite la p\u00e2te dans un moule \u00e0 tarte ou dans un cercle \u00e0 p\u00e2tisserie. Tapissez de papier cuisson et de haricots secs ou de billes de c\u00e9ramique pour emp\u00eacher la p\u00e2te de gonfler.<br>Faites pr\u00e9cuire 15 min au four, pr\u00e9alablement pr\u00e9chauff\u00e9 \u00e0 180\u00b0.<\/li><li>Enfin, faites chauffer le chocolat et la cr\u00e8me liquide enti\u00e8re. Laissez ti\u00e9dir puis ajoutez la poudre d&rsquo;amandes, le sucre et l&rsquo;\u0153uf. Fouettez jusqu&rsquo;\u00e0 obtenir une cr\u00e8me bien homog\u00e8ne.<br>Versez alors sur le fond de tarte, disposez dessus les poires pel\u00e9es et coup\u00e9es en quartier. <br>Poursuivez la cuisson 20 min au four, toujours \u00e0 180\u00b0.<\/li><li>Parsemez votre tarte d&rsquo;amandes effil\u00e9es que vous aurez pr\u00e9alablement fait torr\u00e9fier dans une po\u00eale <\/li><\/ol>\n\n\n\n<figure class=\"wp-block-gallery columns-2 is-cropped wp-block-gallery-1 is-layout-flex wp-block-gallery-is-layout-flex\"><ul class=\"blocks-gallery-grid\"><li class=\"blocks-gallery-item\"><figure><a href=\"https:\/\/dieze13.com\/blog\/?attachment_id=1529\"><img loading=\"lazy\" decoding=\"async\" width=\"1024\" height=\"1024\" src=\"https:\/\/dieze13.com\/blog\/wp-content\/uploads\/2021\/10\/TarteAmandinePoireChoco4-1024x1024.jpg\" alt=\"Tarte amandine poire chocolat dans son plat bleu vu de haut\" data-id=\"1529\" data-full-url=\"https:\/\/dieze13.com\/blog\/wp-content\/uploads\/2021\/10\/TarteAmandinePoireChoco4-scaled.jpg\" data-link=\"https:\/\/dieze13.com\/blog\/?attachment_id=1529\" class=\"wp-image-1529\" srcset=\"https:\/\/dieze13.com\/blog\/wp-content\/uploads\/2021\/10\/TarteAmandinePoireChoco4-1024x1024.jpg 1024w, https:\/\/dieze13.com\/blog\/wp-content\/uploads\/2021\/10\/TarteAmandinePoireChoco4-300x300.jpg 300w, https:\/\/dieze13.com\/blog\/wp-content\/uploads\/2021\/10\/TarteAmandinePoireChoco4-150x150.jpg 150w, https:\/\/dieze13.com\/blog\/wp-content\/uploads\/2021\/10\/TarteAmandinePoireChoco4-768x768.jpg 768w, https:\/\/dieze13.com\/blog\/wp-content\/uploads\/2021\/10\/TarteAmandinePoireChoco4-1536x1536.jpg 1536w, https:\/\/dieze13.com\/blog\/wp-content\/uploads\/2021\/10\/TarteAmandinePoireChoco4-2048x2048.jpg 2048w, https:\/\/dieze13.com\/blog\/wp-content\/uploads\/2021\/10\/TarteAmandinePoireChoco4-60x60.jpg 60w\" sizes=\"auto, (max-width: 1024px) 100vw, 1024px\" \/><\/a><\/figure><\/li><li class=\"blocks-gallery-item\"><figure><a href=\"https:\/\/dieze13.com\/blog\/?attachment_id=1527\"><img loading=\"lazy\" decoding=\"async\" width=\"1024\" height=\"1024\" src=\"https:\/\/dieze13.com\/blog\/wp-content\/uploads\/2021\/10\/TarteAmandinePoireChoco2-1024x1024.jpg\" alt=\"Tarte vue de c\u00f4t\u00e9\" data-id=\"1527\" data-full-url=\"https:\/\/dieze13.com\/blog\/wp-content\/uploads\/2021\/10\/TarteAmandinePoireChoco2-scaled.jpg\" data-link=\"https:\/\/dieze13.com\/blog\/?attachment_id=1527\" class=\"wp-image-1527\" srcset=\"https:\/\/dieze13.com\/blog\/wp-content\/uploads\/2021\/10\/TarteAmandinePoireChoco2-1024x1024.jpg 1024w, https:\/\/dieze13.com\/blog\/wp-content\/uploads\/2021\/10\/TarteAmandinePoireChoco2-300x300.jpg 300w, https:\/\/dieze13.com\/blog\/wp-content\/uploads\/2021\/10\/TarteAmandinePoireChoco2-150x150.jpg 150w, https:\/\/dieze13.com\/blog\/wp-content\/uploads\/2021\/10\/TarteAmandinePoireChoco2-768x768.jpg 768w, https:\/\/dieze13.com\/blog\/wp-content\/uploads\/2021\/10\/TarteAmandinePoireChoco2-1536x1536.jpg 1536w, https:\/\/dieze13.com\/blog\/wp-content\/uploads\/2021\/10\/TarteAmandinePoireChoco2-2048x2048.jpg 2048w, https:\/\/dieze13.com\/blog\/wp-content\/uploads\/2021\/10\/TarteAmandinePoireChoco2-60x60.jpg 60w\" sizes=\"auto, (max-width: 1024px) 100vw, 1024px\" \/><\/a><\/figure><\/li><li class=\"blocks-gallery-item\"><figure><a href=\"https:\/\/dieze13.com\/blog\/?attachment_id=1526\"><img loading=\"lazy\" decoding=\"async\" width=\"1024\" height=\"1024\" src=\"https:\/\/dieze13.com\/blog\/wp-content\/uploads\/2021\/10\/TarteAmandinePoireChoco-1024x1024.jpg\" alt=\"Tarte vue de haut avec un tournesol\" data-id=\"1526\" data-full-url=\"https:\/\/dieze13.com\/blog\/wp-content\/uploads\/2021\/10\/TarteAmandinePoireChoco-scaled.jpg\" data-link=\"https:\/\/dieze13.com\/blog\/?attachment_id=1526\" class=\"wp-image-1526\" srcset=\"https:\/\/dieze13.com\/blog\/wp-content\/uploads\/2021\/10\/TarteAmandinePoireChoco-1024x1024.jpg 1024w, https:\/\/dieze13.com\/blog\/wp-content\/uploads\/2021\/10\/TarteAmandinePoireChoco-300x300.jpg 300w, https:\/\/dieze13.com\/blog\/wp-content\/uploads\/2021\/10\/TarteAmandinePoireChoco-150x150.jpg 150w, https:\/\/dieze13.com\/blog\/wp-content\/uploads\/2021\/10\/TarteAmandinePoireChoco-768x768.jpg 768w, https:\/\/dieze13.com\/blog\/wp-content\/uploads\/2021\/10\/TarteAmandinePoireChoco-1536x1536.jpg 1536w, https:\/\/dieze13.com\/blog\/wp-content\/uploads\/2021\/10\/TarteAmandinePoireChoco-2048x2048.jpg 2048w, https:\/\/dieze13.com\/blog\/wp-content\/uploads\/2021\/10\/TarteAmandinePoireChoco-60x60.jpg 60w\" sizes=\"auto, (max-width: 1024px) 100vw, 1024px\" \/><\/a><\/figure><\/li><li class=\"blocks-gallery-item\"><figure><a href=\"https:\/\/dieze13.com\/blog\/?attachment_id=1528\"><img loading=\"lazy\" decoding=\"async\" width=\"1024\" height=\"1024\" src=\"https:\/\/dieze13.com\/blog\/wp-content\/uploads\/2021\/10\/TarteAmandinePoireChoco3-1024x1024.jpg\" alt=\"Zoom tarte amandine poire chocolat vue de haut\" data-id=\"1528\" data-full-url=\"https:\/\/dieze13.com\/blog\/wp-content\/uploads\/2021\/10\/TarteAmandinePoireChoco3-scaled.jpg\" data-link=\"https:\/\/dieze13.com\/blog\/?attachment_id=1528\" class=\"wp-image-1528\" srcset=\"https:\/\/dieze13.com\/blog\/wp-content\/uploads\/2021\/10\/TarteAmandinePoireChoco3-1024x1024.jpg 1024w, https:\/\/dieze13.com\/blog\/wp-content\/uploads\/2021\/10\/TarteAmandinePoireChoco3-300x300.jpg 300w, https:\/\/dieze13.com\/blog\/wp-content\/uploads\/2021\/10\/TarteAmandinePoireChoco3-150x150.jpg 150w, https:\/\/dieze13.com\/blog\/wp-content\/uploads\/2021\/10\/TarteAmandinePoireChoco3-768x768.jpg 768w, https:\/\/dieze13.com\/blog\/wp-content\/uploads\/2021\/10\/TarteAmandinePoireChoco3-1536x1536.jpg 1536w, https:\/\/dieze13.com\/blog\/wp-content\/uploads\/2021\/10\/TarteAmandinePoireChoco3-2048x2048.jpg 2048w, https:\/\/dieze13.com\/blog\/wp-content\/uploads\/2021\/10\/TarteAmandinePoireChoco3-60x60.jpg 60w\" sizes=\"auto, (max-width: 1024px) 100vw, 1024px\" \/><\/a><\/figure><\/li><\/ul><\/figure>\n","protected":false},"excerpt":{"rendered":"<p>L&rsquo;automne est bien l\u00e0, les feuilles des arbres commencent \u00e0 se parer de jolies couleurs chatoyantes et il est d\u00e9j\u00e0 l&rsquo;heure de r\u00e9colter les poires et les pommes ! En ce beau dimanche ensoleill\u00e9, j&rsquo;ai eu envie de pr\u00e9parer la tarte amandine poire chocolat de Cyril Lignac. Les ingr\u00e9dients Pour la p\u00e2te sabl\u00e9e : 125g &hellip; <\/p>\n","protected":false},"author":1,"featured_media":1526,"comment_status":"open","ping_status":"open","sticky":false,"template":"","format":"standard","meta":{"_monsterinsights_skip_tracking":false,"_monsterinsights_sitenote_active":false,"_monsterinsights_sitenote_note":"","_monsterinsights_sitenote_category":0,"footnotes":""},"categories":[16,281],"tags":[125,3,233,21],"class_list":["post-1521","post","type-post","status-publish","format-standard","has-post-thumbnail","hentry","category-tartes","category-halloween","tag-amande","tag-chocolat","tag-poire","tag-tarte"],"yoast_head":"<!-- This site is optimized with the Yoast SEO plugin v24.9 - https:\/\/yoast.com\/wordpress\/plugins\/seo\/ -->\n<title>Tarte amandine poire chocolat<\/title>\n<meta name=\"description\" content=\"Un r\u00e9gal cette tarte amandine poire chocolat de Cyril Lignac ! C&#039;est la saison des poires alors on profite pour pr\u00e9parer cette tarte.\" \/>\n<meta name=\"robots\" content=\"index, follow, max-snippet:-1, max-image-preview:large, max-video-preview:-1\" \/>\n<link rel=\"canonical\" href=\"https:\/\/dieze13.com\/blog\/tarte-amandine-poire-chocolat\/\" \/>\n<meta property=\"og:locale\" content=\"fr_FR\" \/>\n<meta property=\"og:type\" content=\"article\" \/>\n<meta property=\"og:title\" content=\"Tarte amandine poire chocolat\" \/>\n<meta property=\"og:description\" content=\"Un r\u00e9gal cette tarte amandine poire chocolat de Cyril Lignac ! C&#039;est la saison des poires alors on profite pour pr\u00e9parer cette tarte.\" \/>\n<meta property=\"og:url\" content=\"https:\/\/dieze13.com\/blog\/tarte-amandine-poire-chocolat\/\" \/>\n<meta property=\"og:site_name\" content=\"Gourmandises dans la cuisine\" \/>\n<meta property=\"article:published_time\" content=\"2021-10-11T20:26:22+00:00\" \/>\n<meta property=\"article:modified_time\" content=\"2022-09-23T19:46:12+00:00\" \/>\n<meta property=\"og:image\" content=\"https:\/\/dieze13.com\/blog\/wp-content\/uploads\/2021\/10\/TarteAmandinePoireChoco-scaled.jpg\" \/>\n\t<meta property=\"og:image:width\" content=\"2560\" \/>\n\t<meta property=\"og:image:height\" content=\"2560\" \/>\n\t<meta property=\"og:image:type\" content=\"image\/jpeg\" \/>\n<meta name=\"author\" content=\"Marie\" \/>\n<meta name=\"twitter:card\" content=\"summary_large_image\" \/>\n<meta name=\"twitter:label1\" content=\"\u00c9crit par\" \/>\n\t<meta name=\"twitter:data1\" content=\"Marie\" \/>\n\t<meta name=\"twitter:label2\" content=\"Dur\u00e9e de lecture estim\u00e9e\" \/>\n\t<meta name=\"twitter:data2\" content=\"3 minutes\" \/>\n<script type=\"application\/ld+json\" class=\"yoast-schema-graph\">{\"@context\":\"https:\/\/schema.org\",\"@graph\":[{\"@type\":\"Article\",\"@id\":\"https:\/\/dieze13.com\/blog\/tarte-amandine-poire-chocolat\/#article\",\"isPartOf\":{\"@id\":\"https:\/\/dieze13.com\/blog\/tarte-amandine-poire-chocolat\/\"},\"author\":{\"name\":\"Marie\",\"@id\":\"https:\/\/dieze13.com\/blog\/#\/schema\/person\/5cf0acd276e3e6de727a9d5a3725aad9\"},\"headline\":\"Tarte amandine poire chocolat\",\"datePublished\":\"2021-10-11T20:26:22+00:00\",\"dateModified\":\"2022-09-23T19:46:12+00:00\",\"mainEntityOfPage\":{\"@id\":\"https:\/\/dieze13.com\/blog\/tarte-amandine-poire-chocolat\/\"},\"wordCount\":303,\"commentCount\":0,\"publisher\":{\"@id\":\"https:\/\/dieze13.com\/blog\/#\/schema\/person\/5cf0acd276e3e6de727a9d5a3725aad9\"},\"image\":{\"@id\":\"https:\/\/dieze13.com\/blog\/tarte-amandine-poire-chocolat\/#primaryimage\"},\"thumbnailUrl\":\"https:\/\/dieze13.com\/blog\/wp-content\/uploads\/2021\/10\/TarteAmandinePoireChoco-scaled.jpg\",\"keywords\":[\"amande\",\"chocolat\",\"poire\",\"tarte\"],\"articleSection\":[\"Tartes\",\"\ud83c\udf83 Automne\"],\"inLanguage\":\"fr-FR\",\"potentialAction\":[{\"@type\":\"CommentAction\",\"name\":\"Comment\",\"target\":[\"https:\/\/dieze13.com\/blog\/tarte-amandine-poire-chocolat\/#respond\"]}]},{\"@type\":\"WebPage\",\"@id\":\"https:\/\/dieze13.com\/blog\/tarte-amandine-poire-chocolat\/\",\"url\":\"https:\/\/dieze13.com\/blog\/tarte-amandine-poire-chocolat\/\",\"name\":\"Tarte amandine poire chocolat\",\"isPartOf\":{\"@id\":\"https:\/\/dieze13.com\/blog\/#website\"},\"primaryImageOfPage\":{\"@id\":\"https:\/\/dieze13.com\/blog\/tarte-amandine-poire-chocolat\/#primaryimage\"},\"image\":{\"@id\":\"https:\/\/dieze13.com\/blog\/tarte-amandine-poire-chocolat\/#primaryimage\"},\"thumbnailUrl\":\"https:\/\/dieze13.com\/blog\/wp-content\/uploads\/2021\/10\/TarteAmandinePoireChoco-scaled.jpg\",\"datePublished\":\"2021-10-11T20:26:22+00:00\",\"dateModified\":\"2022-09-23T19:46:12+00:00\",\"description\":\"Un r\u00e9gal cette tarte amandine poire chocolat de Cyril Lignac ! C'est la saison des poires alors on profite pour pr\u00e9parer cette tarte.\",\"breadcrumb\":{\"@id\":\"https:\/\/dieze13.com\/blog\/tarte-amandine-poire-chocolat\/#breadcrumb\"},\"inLanguage\":\"fr-FR\",\"potentialAction\":[{\"@type\":\"ReadAction\",\"target\":[\"https:\/\/dieze13.com\/blog\/tarte-amandine-poire-chocolat\/\"]}]},{\"@type\":\"ImageObject\",\"inLanguage\":\"fr-FR\",\"@id\":\"https:\/\/dieze13.com\/blog\/tarte-amandine-poire-chocolat\/#primaryimage\",\"url\":\"https:\/\/dieze13.com\/blog\/wp-content\/uploads\/2021\/10\/TarteAmandinePoireChoco-scaled.jpg\",\"contentUrl\":\"https:\/\/dieze13.com\/blog\/wp-content\/uploads\/2021\/10\/TarteAmandinePoireChoco-scaled.jpg\",\"width\":2560,\"height\":2560,\"caption\":\"Tarte vue de haut avec un tournesol\"},{\"@type\":\"BreadcrumbList\",\"@id\":\"https:\/\/dieze13.com\/blog\/tarte-amandine-poire-chocolat\/#breadcrumb\",\"itemListElement\":[{\"@type\":\"ListItem\",\"position\":1,\"name\":\"Accueil\",\"item\":\"https:\/\/dieze13.com\/blog\/\"},{\"@type\":\"ListItem\",\"position\":2,\"name\":\"Tarte amandine poire chocolat\"}]},{\"@type\":\"WebSite\",\"@id\":\"https:\/\/dieze13.com\/blog\/#website\",\"url\":\"https:\/\/dieze13.com\/blog\/\",\"name\":\"Gourmandises dans la cuisine\",\"description\":\"\",\"publisher\":{\"@id\":\"https:\/\/dieze13.com\/blog\/#\/schema\/person\/5cf0acd276e3e6de727a9d5a3725aad9\"},\"potentialAction\":[{\"@type\":\"SearchAction\",\"target\":{\"@type\":\"EntryPoint\",\"urlTemplate\":\"https:\/\/dieze13.com\/blog\/?s={search_term_string}\"},\"query-input\":{\"@type\":\"PropertyValueSpecification\",\"valueRequired\":true,\"valueName\":\"search_term_string\"}}],\"inLanguage\":\"fr-FR\"},{\"@type\":[\"Person\",\"Organization\"],\"@id\":\"https:\/\/dieze13.com\/blog\/#\/schema\/person\/5cf0acd276e3e6de727a9d5a3725aad9\",\"name\":\"Marie\",\"image\":{\"@type\":\"ImageObject\",\"inLanguage\":\"fr-FR\",\"@id\":\"https:\/\/dieze13.com\/blog\/#\/schema\/person\/image\/\",\"url\":\"https:\/\/dieze13.com\/blog\/wp-content\/uploads\/2020\/11\/cropped-cropped-cropped-cropped-Logo-Site-e1606683405507.png\",\"contentUrl\":\"https:\/\/dieze13.com\/blog\/wp-content\/uploads\/2020\/11\/cropped-cropped-cropped-cropped-Logo-Site-e1606683405507.png\",\"width\":70,\"height\":70,\"caption\":\"Marie\"},\"logo\":{\"@id\":\"https:\/\/dieze13.com\/blog\/#\/schema\/person\/image\/\"}}]}<\/script>\n<!-- \/ Yoast SEO plugin. -->","yoast_head_json":{"title":"Tarte amandine poire chocolat","description":"Un r\u00e9gal cette tarte amandine poire chocolat de Cyril Lignac ! C'est la saison des poires alors on profite pour pr\u00e9parer cette tarte.","robots":{"index":"index","follow":"follow","max-snippet":"max-snippet:-1","max-image-preview":"max-image-preview:large","max-video-preview":"max-video-preview:-1"},"canonical":"https:\/\/dieze13.com\/blog\/tarte-amandine-poire-chocolat\/","og_locale":"fr_FR","og_type":"article","og_title":"Tarte amandine poire chocolat","og_description":"Un r\u00e9gal cette tarte amandine poire chocolat de Cyril Lignac ! C'est la saison des poires alors on profite pour pr\u00e9parer cette tarte.","og_url":"https:\/\/dieze13.com\/blog\/tarte-amandine-poire-chocolat\/","og_site_name":"Gourmandises dans la cuisine","article_published_time":"2021-10-11T20:26:22+00:00","article_modified_time":"2022-09-23T19:46:12+00:00","og_image":[{"width":2560,"height":2560,"url":"https:\/\/dieze13.com\/blog\/wp-content\/uploads\/2021\/10\/TarteAmandinePoireChoco-scaled.jpg","type":"image\/jpeg"}],"author":"Marie","twitter_card":"summary_large_image","twitter_misc":{"\u00c9crit par":"Marie","Dur\u00e9e de lecture estim\u00e9e":"3 minutes"},"schema":{"@context":"https:\/\/schema.org","@graph":[{"@type":"Article","@id":"https:\/\/dieze13.com\/blog\/tarte-amandine-poire-chocolat\/#article","isPartOf":{"@id":"https:\/\/dieze13.com\/blog\/tarte-amandine-poire-chocolat\/"},"author":{"name":"Marie","@id":"https:\/\/dieze13.com\/blog\/#\/schema\/person\/5cf0acd276e3e6de727a9d5a3725aad9"},"headline":"Tarte amandine poire chocolat","datePublished":"2021-10-11T20:26:22+00:00","dateModified":"2022-09-23T19:46:12+00:00","mainEntityOfPage":{"@id":"https:\/\/dieze13.com\/blog\/tarte-amandine-poire-chocolat\/"},"wordCount":303,"commentCount":0,"publisher":{"@id":"https:\/\/dieze13.com\/blog\/#\/schema\/person\/5cf0acd276e3e6de727a9d5a3725aad9"},"image":{"@id":"https:\/\/dieze13.com\/blog\/tarte-amandine-poire-chocolat\/#primaryimage"},"thumbnailUrl":"https:\/\/dieze13.com\/blog\/wp-content\/uploads\/2021\/10\/TarteAmandinePoireChoco-scaled.jpg","keywords":["amande","chocolat","poire","tarte"],"articleSection":["Tartes","\ud83c\udf83 Automne"],"inLanguage":"fr-FR","potentialAction":[{"@type":"CommentAction","name":"Comment","target":["https:\/\/dieze13.com\/blog\/tarte-amandine-poire-chocolat\/#respond"]}]},{"@type":"WebPage","@id":"https:\/\/dieze13.com\/blog\/tarte-amandine-poire-chocolat\/","url":"https:\/\/dieze13.com\/blog\/tarte-amandine-poire-chocolat\/","name":"Tarte amandine poire chocolat","isPartOf":{"@id":"https:\/\/dieze13.com\/blog\/#website"},"primaryImageOfPage":{"@id":"https:\/\/dieze13.com\/blog\/tarte-amandine-poire-chocolat\/#primaryimage"},"image":{"@id":"https:\/\/dieze13.com\/blog\/tarte-amandine-poire-chocolat\/#primaryimage"},"thumbnailUrl":"https:\/\/dieze13.com\/blog\/wp-content\/uploads\/2021\/10\/TarteAmandinePoireChoco-scaled.jpg","datePublished":"2021-10-11T20:26:22+00:00","dateModified":"2022-09-23T19:46:12+00:00","description":"Un r\u00e9gal cette tarte amandine poire chocolat de Cyril Lignac ! C'est la saison des poires alors on profite pour pr\u00e9parer cette tarte.","breadcrumb":{"@id":"https:\/\/dieze13.com\/blog\/tarte-amandine-poire-chocolat\/#breadcrumb"},"inLanguage":"fr-FR","potentialAction":[{"@type":"ReadAction","target":["https:\/\/dieze13.com\/blog\/tarte-amandine-poire-chocolat\/"]}]},{"@type":"ImageObject","inLanguage":"fr-FR","@id":"https:\/\/dieze13.com\/blog\/tarte-amandine-poire-chocolat\/#primaryimage","url":"https:\/\/dieze13.com\/blog\/wp-content\/uploads\/2021\/10\/TarteAmandinePoireChoco-scaled.jpg","contentUrl":"https:\/\/dieze13.com\/blog\/wp-content\/uploads\/2021\/10\/TarteAmandinePoireChoco-scaled.jpg","width":2560,"height":2560,"caption":"Tarte vue de haut avec un tournesol"},{"@type":"BreadcrumbList","@id":"https:\/\/dieze13.com\/blog\/tarte-amandine-poire-chocolat\/#breadcrumb","itemListElement":[{"@type":"ListItem","position":1,"name":"Accueil","item":"https:\/\/dieze13.com\/blog\/"},{"@type":"ListItem","position":2,"name":"Tarte amandine poire chocolat"}]},{"@type":"WebSite","@id":"https:\/\/dieze13.com\/blog\/#website","url":"https:\/\/dieze13.com\/blog\/","name":"Gourmandises dans la cuisine","description":"","publisher":{"@id":"https:\/\/dieze13.com\/blog\/#\/schema\/person\/5cf0acd276e3e6de727a9d5a3725aad9"},"potentialAction":[{"@type":"SearchAction","target":{"@type":"EntryPoint","urlTemplate":"https:\/\/dieze13.com\/blog\/?s={search_term_string}"},"query-input":{"@type":"PropertyValueSpecification","valueRequired":true,"valueName":"search_term_string"}}],"inLanguage":"fr-FR"},{"@type":["Person","Organization"],"@id":"https:\/\/dieze13.com\/blog\/#\/schema\/person\/5cf0acd276e3e6de727a9d5a3725aad9","name":"Marie","image":{"@type":"ImageObject","inLanguage":"fr-FR","@id":"https:\/\/dieze13.com\/blog\/#\/schema\/person\/image\/","url":"https:\/\/dieze13.com\/blog\/wp-content\/uploads\/2020\/11\/cropped-cropped-cropped-cropped-Logo-Site-e1606683405507.png","contentUrl":"https:\/\/dieze13.com\/blog\/wp-content\/uploads\/2020\/11\/cropped-cropped-cropped-cropped-Logo-Site-e1606683405507.png","width":70,"height":70,"caption":"Marie"},"logo":{"@id":"https:\/\/dieze13.com\/blog\/#\/schema\/person\/image\/"}}]}},"_links":{"self":[{"href":"https:\/\/dieze13.com\/blog\/wp-json\/wp\/v2\/posts\/1521","targetHints":{"allow":["GET"]}}],"collection":[{"href":"https:\/\/dieze13.com\/blog\/wp-json\/wp\/v2\/posts"}],"about":[{"href":"https:\/\/dieze13.com\/blog\/wp-json\/wp\/v2\/types\/post"}],"author":[{"embeddable":true,"href":"https:\/\/dieze13.com\/blog\/wp-json\/wp\/v2\/users\/1"}],"replies":[{"embeddable":true,"href":"https:\/\/dieze13.com\/blog\/wp-json\/wp\/v2\/comments?post=1521"}],"version-history":[{"count":4,"href":"https:\/\/dieze13.com\/blog\/wp-json\/wp\/v2\/posts\/1521\/revisions"}],"predecessor-version":[{"id":1530,"href":"https:\/\/dieze13.com\/blog\/wp-json\/wp\/v2\/posts\/1521\/revisions\/1530"}],"wp:featuredmedia":[{"embeddable":true,"href":"https:\/\/dieze13.com\/blog\/wp-json\/wp\/v2\/media\/1526"}],"wp:attachment":[{"href":"https:\/\/dieze13.com\/blog\/wp-json\/wp\/v2\/media?parent=1521"}],"wp:term":[{"taxonomy":"category","embeddable":true,"href":"https:\/\/dieze13.com\/blog\/wp-json\/wp\/v2\/categories?post=1521"},{"taxonomy":"post_tag","embeddable":true,"href":"https:\/\/dieze13.com\/blog\/wp-json\/wp\/v2\/tags?post=1521"}],"curies":[{"name":"wp","href":"https:\/\/api.w.org\/{rel}","templated":true}]}}