{"id":1644,"date":"2021-12-27T22:55:42","date_gmt":"2021-12-27T21:55:42","guid":{"rendered":"https:\/\/dieze13.com\/blog\/?p=1644"},"modified":"2022-03-28T22:56:08","modified_gmt":"2022-03-28T20:56:08","slug":"la-buche-de-noel-pralinee-noisette","status":"publish","type":"post","link":"https:\/\/dieze13.com\/blog\/la-buche-de-noel-pralinee-noisette\/","title":{"rendered":"La b\u00fbche de No\u00ebl pralin\u00e9e noisette"},"content":{"rendered":"\n<p>Envie d&rsquo;une b\u00fbche de No\u00ebl avec aux go\u00fbts r\u00e9gressifs, un vrai retour en enfance ! <\/p>\n\n\n\n<p>Cette b\u00fbche de No\u00ebl est une combinaison de mousse pralin\u00e9e, ganache vanill\u00e9e, coeur coulant pralin\u00e9 et biscuit aux noisettes dont la recette provient du blog de <a href=\"https:\/\/macuisinegourmande.wordpress.com\/2019\/02\/27\/pomme-de-noisette-au-praline\/?fbclid=IwAR2AFx0bG8nN2YT_xUE2ma695UlWgNBgbs20rO1Nbn9v4uoNmhA5w3fINCc\" target=\"_blank\" rel=\"noreferrer noopener nofollow\">MaCuisineGourmande<\/a>.<\/p>\n\n\n\n<p>Cette recette demande un peu d\u2019organisation, mais elle peut \u00eatre r\u00e9alis\u00e9e sur plusieurs jours, pas de stress pour le r\u00e9veillon de cette fa\u00e7on !<\/p>\n\n\n\n<h2 class=\"wp-block-heading\">Les recettes des diff\u00e9rentes pr\u00e9parations constituant la b\u00fbche de No\u00ebl pralin\u00e9e noisettes<\/h2>\n\n\n\n<p>On commence par pr\u00e9parer les diff\u00e9rentes pr\u00e9parations qui constitueront votre b\u00fbche pour&nbsp;<em>10 personnes<\/em>.<\/p>\n\n\n\n<h3 class=\"wp-block-heading\">La recette de l\u2019insert de ganache mont\u00e9e \u00e0 la vanille &#8211; Jour J-2: <\/h3>\n\n\n\n<figure class=\"wp-block-table\"><table><thead><tr><th>INGR\u00c9DIENTS<\/th><th>ETAPES DE LA PR\u00c9PARATION<\/th><\/tr><\/thead><tbody><tr><td>\u2013 50g de chocolat blanc de couverture (<a href=\"https:\/\/cook-shop.fr\/chocolat-valrhona\/11459-feves-chocolat-blanc-ivoire-valrhona-1kg.html?scaid=DS\" target=\"_blank\" rel=\"noreferrer noopener\">Valrhona Ivoire<\/a> par exemple)<br>&#8211; 26g de cr\u00e8me liquide enti\u00e8re<br>&#8211; 4g de miel<br>&#8211; 76g de cr\u00e8me liquide enti\u00e8re<br>&#8211; 1\/2 cuill\u00e8re \u00e0 caf\u00e9 d&rsquo;extrait de vanille <\/td><td>1. Faites fondre le chocolat au bain-marie.<br>2. Portez les 26g de cr\u00e8me, le miel et l&rsquo;extrait de vanille \u00e0 \u00e9bullition.<br>3. Versez la cr\u00e8me  sur le chocolat fondu et \u00e9mulsionnez jusqu&rsquo;\u00e0 avoir une consistance bien lisse et bien homog\u00e8ne.<br>4. Ajoutez ensuite les 76g de cr\u00e8me bien froide en continuant d&rsquo;\u00e9mulsionner.<br>5. Filmez au contact et r\u00e9servez au frais au moins 3 heures.<br>6. Pochez la ganache sur l&rsquo;envers d&rsquo;un moule \u00e0 insert, de fa\u00e7on \u00e0 pouvoir y couler l&rsquo;insert pralin\u00e9 par la suite &#8211; <em>Si nous n&rsquo;avez pas de moule, vous pouvez bricoler un support avec quelques pics \u00e0 brochettes scotch\u00e9es les unes aux autres et recouvertes de film alimentaire, c&rsquo;est d&rsquo;ailleurs ce que j&rsquo;ai fait !<\/em><br>7. Placez ensuite au cong\u00e9lateur.<\/td><\/tr><\/tbody><\/table><\/figure>\n\n\n\n<h3 class=\"wp-block-heading\">La recette du pralin\u00e9 coulant Jour J-2:&nbsp;<\/h3>\n\n\n\n<figure class=\"wp-block-table\"><table><thead><tr><th>INGR\u00c9DIENTS<\/th><th>ETAPES DE LA PR\u00c9PARATION<\/th><\/tr><\/thead><tbody><tr><td><br>\u2013 200 g de noisettes<br>\u2013 80g de sucre<\/td><td>1. Torr\u00e9fiez les noisettes \u00e0 170\u00b0C pendant 15min puis laissez refroidir avant d\u2019\u00f4ter la peau &#8211; <em>Astuce : Mettez les noisettes dans un torchon et malaxez les noisettes, la peau se d\u00e9tachera plus facilement<\/em><br>2. Dans une casserole, faites caram\u00e9liser le sucre.<br>3. Ajoutez les noisettes puis remuez jusqu\u2019\u00e0 ce que le sucre caram\u00e9lise autour des noisettes.<br>4. Mixez jusqu\u2019\u00e0 obtenir une p\u00e2te liquide et lisse.<br>5. R\u00e9servez au frais dans un pot \u00e0 confiture bien ferm\u00e9.<\/td><\/tr><\/tbody><\/table><\/figure>\n\n\n\n<h3 class=\"wp-block-heading\">La recette du biscuit aux noisettes &#8211; Jour J-2: <\/h3>\n\n\n\n<figure class=\"wp-block-table\"><table><thead><tr><th>INGR\u00c9DIENTS<\/th><th>ETAPES DE LA PR\u00c9PARATION<\/th><\/tr><\/thead><tbody><tr><td>&#8211; 50g de beurre mou<br>&#8211; 50g de <a href=\"https:\/\/www.cerfdellier.com\/13402-pate-de-noisette-patisdecor-200-g.html?search_query=pate+de+noisette&amp;results=113\" target=\"_blank\" rel=\"noreferrer noopener\">p\u00e2te de noisette<\/a><br>&#8211; 70g de jaunes d\u2019\u0153ufs<br>&#8211; 25g + 50g de sucre<br>&#8211; 6g de farine<br>&#8211; 6g de ma\u00efzena<br>&#8211; 100g de blancs d\u2019\u0153ufs<br>&#8211; 25g de noisettes concass\u00e9es<\/td><td><em>Pr\u00e9chauffez votre four \u00e0 170\u00b0<\/em><br>1. Battez le beurre avec la p\u00e2te de noisette.<br>2. Fouettez ensuite les jaunes d&rsquo;oeuf avec les 25g de sucre et incorporez-les au m\u00e9lange beurre-noisette.<br>3. Montez les blancs en neige avec les 50g de sucre restants puis incorporez-les d\u00e9licatement au m\u00e9lange pr\u00e9c\u00e9dent.<br>4. Tamisez la farine et la ma\u00efzena, ajoutez-les d\u00e9licatement \u00e0 la pr\u00e9paration pr\u00e9c\u00e9dente \u00e0 l&rsquo;aide d&rsquo;une maryse.<br>5. Versez la pr\u00e9paration dans un cadre \u00e0 p\u00e2tisserie &#8211; <em>ou dans tout autre moule qui vous permettra de d\u00e9tailler un rectangle de la taille de votre moule \u00e0 buche.<\/em><br>6. Parsemez de noisettes.<br>7. Enfournez pour 15 minutes.<br>8. Laissez totalement refroidir puis d\u00e9coupez un rectangle \u00e0 la dimension de la base de votre moule \u00e0 b\u00fbche.<br><em>Si vous pr\u00e9parez le biscuit \u00e0 l&rsquo;avance, enveloppez-le dans un filme alimentaire pour bien garder le biscuit moelleux.<\/em><\/td><\/tr><\/tbody><\/table><\/figure>\n\n\n\n<h3 class=\"wp-block-heading\">La recette de la mousse pralin\u00e9 &#8211; Jour J-1:&nbsp;<\/h3>\n\n\n\n<figure class=\"wp-block-table\"><table><thead><tr><th>INGR\u00c9DIENTS<\/th><th>ETAPES DE LA PR\u00c9PARATION<\/th><\/tr><\/thead><tbody><tr><td>&#8211; 4,5g de g\u00e9latine<br>&#8211; 90g de cr\u00e8me liquide<br>&#8211; 35g d\u2019\u0153uf<br>&#8211; 150g de pralin\u00e9 noisette<br>&#8211; 225g de cr\u00e8me liquide enti\u00e8re<\/td><td>1. R\u00e9hydratez la g\u00e9latine dans dans un grand volume d\u2019eau froide.<br>2. Dans une casserole, m\u00e9langez l\u2019\u0153uf avec la cr\u00e8me puis portez le m\u00e9lange \u00e0 83\u00b0C en ne cessant de remuer &#8211; <em>sinon, vous risquez de faire cuire le blanc des oeufs<\/em><br>3. Hors du feu, Incorporez la g\u00e9latine essor\u00e9e puis le pralin\u00e9, m\u00e9langez bien.<br>4. Laissez le m\u00e9lange refroidir jusqu&rsquo;\u00e0 atteindre la temp\u00e9rature de 35\u00b0C.<br>5. A l&rsquo;aide d&rsquo;un batteur, montez la cr\u00e8me bien froide et incorporez-l\u00e0 d\u00e9licatement au m\u00e9lange refroidi.<\/td><\/tr><\/tbody><\/table><\/figure>\n\n\n\n<h2 class=\"wp-block-heading\">Le montage de la b\u00fbche &#8211; Jour J-1 :<\/h2>\n\n\n\n<ol class=\"wp-block-list\"><li>Coulez la moiti\u00e9 de la mousse pralin\u00e9e dans votre moule \u00e0 buche.<\/li><li>D\u00e9posez et enfoncez l\u00e9g\u00e8rement l&rsquo;insert de ganache mont\u00e9e \u00e0 la vanille pointe vers le bas.<\/li><li>Coulez ensuite le pralin\u00e9 coulant dans l&rsquo;insert vanille.<\/li><li>Recouvrez de mousse pralin\u00e9e.<\/li><li>D\u00e9posez ensuite votre biscuit aux noisettes.<\/li><li>Lissez bien la mousse pralin\u00e9e sur les bords \u00e0 l&rsquo;aide d&rsquo;une spatule.<\/li><li>R\u00e9servez au cong\u00e9lateur toute une nuit.<\/li><\/ol>\n\n\n\n<h2 class=\"wp-block-heading\">Le gla\u00e7age de la b\u00fbche de No\u00ebl au pralin\u00e9 noisettes &#8211; Jour J, H-6: <\/h2>\n\n\n\n<ol class=\"wp-block-list\"><li>R\u00e9chauffez le gla\u00e7age miroir au micro-ondes jusqu&rsquo;\u00e0 atteindre une temp\u00e9rature de 30\u00b0<\/li><li>Une fois le gla\u00e7age \u00e0 temp\u00e9rature, d\u00e9moulez votre b\u00fbche<\/li><li>Versez alors le gla\u00e7age sur la b\u00fbche et hop ! au frais pour laisser d\u00e9congeler ! <\/li><\/ol>\n\n\n\n<p>Glacez la b\u00fbche environ 6 heures avant de la servir, elle aura le temps de d\u00e9congelez tout doucement au r\u00e9frig\u00e9rateur \ud83d\ude0b<\/p>\n\n\n\n<figure class=\"wp-block-gallery columns-2 is-cropped wp-block-gallery-1 is-layout-flex wp-block-gallery-is-layout-flex\"><ul class=\"blocks-gallery-grid\"><li class=\"blocks-gallery-item\"><figure><a href=\"https:\/\/dieze13.com\/blog\/wp-content\/uploads\/2021\/12\/Buchedenoelpralineenoisette-scaled.jpg\"><img loading=\"lazy\" decoding=\"async\" width=\"1024\" height=\"1024\" src=\"https:\/\/dieze13.com\/blog\/wp-content\/uploads\/2021\/12\/Buchedenoelpralineenoisette-1024x1024.jpg\" alt=\"\" data-id=\"1647\" data-full-url=\"https:\/\/dieze13.com\/blog\/wp-content\/uploads\/2021\/12\/Buchedenoelpralineenoisette-scaled.jpg\" data-link=\"https:\/\/dieze13.com\/blog\/?attachment_id=1647\" class=\"wp-image-1647\" srcset=\"https:\/\/dieze13.com\/blog\/wp-content\/uploads\/2021\/12\/Buchedenoelpralineenoisette-1024x1024.jpg 1024w, https:\/\/dieze13.com\/blog\/wp-content\/uploads\/2021\/12\/Buchedenoelpralineenoisette-300x300.jpg 300w, https:\/\/dieze13.com\/blog\/wp-content\/uploads\/2021\/12\/Buchedenoelpralineenoisette-150x150.jpg 150w, https:\/\/dieze13.com\/blog\/wp-content\/uploads\/2021\/12\/Buchedenoelpralineenoisette-768x768.jpg 768w, https:\/\/dieze13.com\/blog\/wp-content\/uploads\/2021\/12\/Buchedenoelpralineenoisette-1536x1536.jpg 1536w, https:\/\/dieze13.com\/blog\/wp-content\/uploads\/2021\/12\/Buchedenoelpralineenoisette-2048x2048.jpg 2048w, https:\/\/dieze13.com\/blog\/wp-content\/uploads\/2021\/12\/Buchedenoelpralineenoisette-60x60.jpg 60w\" sizes=\"auto, (max-width: 1024px) 100vw, 1024px\" \/><\/a><\/figure><\/li><li class=\"blocks-gallery-item\"><figure><a href=\"https:\/\/dieze13.com\/blog\/wp-content\/uploads\/2021\/12\/Buchedenoelpralineenoisette3-scaled.jpg\"><img loading=\"lazy\" decoding=\"async\" width=\"1024\" height=\"1024\" src=\"https:\/\/dieze13.com\/blog\/wp-content\/uploads\/2021\/12\/Buchedenoelpralineenoisette3-1024x1024.jpg\" alt=\"\" data-id=\"1649\" data-full-url=\"https:\/\/dieze13.com\/blog\/wp-content\/uploads\/2021\/12\/Buchedenoelpralineenoisette3-scaled.jpg\" data-link=\"https:\/\/dieze13.com\/blog\/?attachment_id=1649\" class=\"wp-image-1649\" srcset=\"https:\/\/dieze13.com\/blog\/wp-content\/uploads\/2021\/12\/Buchedenoelpralineenoisette3-1024x1024.jpg 1024w, https:\/\/dieze13.com\/blog\/wp-content\/uploads\/2021\/12\/Buchedenoelpralineenoisette3-300x300.jpg 300w, https:\/\/dieze13.com\/blog\/wp-content\/uploads\/2021\/12\/Buchedenoelpralineenoisette3-150x150.jpg 150w, https:\/\/dieze13.com\/blog\/wp-content\/uploads\/2021\/12\/Buchedenoelpralineenoisette3-768x768.jpg 768w, https:\/\/dieze13.com\/blog\/wp-content\/uploads\/2021\/12\/Buchedenoelpralineenoisette3-1536x1536.jpg 1536w, https:\/\/dieze13.com\/blog\/wp-content\/uploads\/2021\/12\/Buchedenoelpralineenoisette3-2048x2048.jpg 2048w, https:\/\/dieze13.com\/blog\/wp-content\/uploads\/2021\/12\/Buchedenoelpralineenoisette3-60x60.jpg 60w\" sizes=\"auto, (max-width: 1024px) 100vw, 1024px\" \/><\/a><\/figure><\/li><\/ul><\/figure>\n\n\n\n<p><\/p>\n","protected":false},"excerpt":{"rendered":"<p>Envie d&rsquo;une b\u00fbche de No\u00ebl avec aux go\u00fbts r\u00e9gressifs, un vrai retour en enfance ! Cette b\u00fbche de No\u00ebl est une combinaison de mousse pralin\u00e9e, ganache vanill\u00e9e, coeur coulant pralin\u00e9 et biscuit aux noisettes dont la recette provient du blog de MaCuisineGourmande. Cette recette demande un peu d\u2019organisation, mais elle peut \u00eatre r\u00e9alis\u00e9e sur plusieurs &hellip; <\/p>\n","protected":false},"author":1,"featured_media":1648,"comment_status":"open","ping_status":"open","sticky":false,"template":"","format":"standard","meta":{"_monsterinsights_skip_tracking":false,"_monsterinsights_sitenote_active":false,"_monsterinsights_sitenote_note":"","_monsterinsights_sitenote_category":0,"footnotes":""},"categories":[53,180],"tags":[22,15,23,183,66],"class_list":["post-1644","post","type-post","status-publish","format-standard","has-post-thumbnail","hentry","category-noel","category-calendrier-de-lavent","tag-buche","tag-entremet","tag-noel","tag-noisette","tag-praline"],"yoast_head":"<!-- This site is optimized with the Yoast SEO plugin v24.9 - https:\/\/yoast.com\/wordpress\/plugins\/seo\/ -->\n<title>La b\u00fbche de No\u00ebl pralin\u00e9e noisette<\/title>\n<meta name=\"description\" content=\"La recette de la b\u00fbche de no\u00ebl pralin\u00e9e noisettes est un retour garanti en enfance, avec l&#039;avantage de pouvoir \u00eatre pr\u00e9par\u00e9e en avance.\" \/>\n<meta name=\"robots\" content=\"index, follow, max-snippet:-1, max-image-preview:large, max-video-preview:-1\" \/>\n<link rel=\"canonical\" href=\"https:\/\/dieze13.com\/blog\/la-buche-de-noel-pralinee-noisette\/\" \/>\n<meta property=\"og:locale\" content=\"fr_FR\" \/>\n<meta property=\"og:type\" content=\"article\" \/>\n<meta property=\"og:title\" content=\"La b\u00fbche de No\u00ebl pralin\u00e9e noisette\" \/>\n<meta property=\"og:description\" content=\"La recette de la b\u00fbche de no\u00ebl pralin\u00e9e noisettes est un retour garanti en enfance, avec l&#039;avantage de pouvoir \u00eatre pr\u00e9par\u00e9e en avance.\" \/>\n<meta property=\"og:url\" content=\"https:\/\/dieze13.com\/blog\/la-buche-de-noel-pralinee-noisette\/\" \/>\n<meta property=\"og:site_name\" content=\"Gourmandises dans la cuisine\" \/>\n<meta property=\"article:published_time\" content=\"2021-12-27T21:55:42+00:00\" \/>\n<meta property=\"article:modified_time\" content=\"2022-03-28T20:56:08+00:00\" \/>\n<meta property=\"og:image\" content=\"https:\/\/dieze13.com\/blog\/wp-content\/uploads\/2021\/12\/Buchedenoelpralineenoisette2-scaled.jpg\" \/>\n\t<meta property=\"og:image:width\" content=\"2560\" \/>\n\t<meta property=\"og:image:height\" content=\"2560\" \/>\n\t<meta property=\"og:image:type\" content=\"image\/jpeg\" \/>\n<meta name=\"author\" content=\"Marie\" \/>\n<meta name=\"twitter:card\" content=\"summary_large_image\" \/>\n<meta name=\"twitter:label1\" content=\"\u00c9crit par\" \/>\n\t<meta name=\"twitter:data1\" content=\"Marie\" \/>\n\t<meta name=\"twitter:label2\" content=\"Dur\u00e9e de lecture estim\u00e9e\" \/>\n\t<meta name=\"twitter:data2\" content=\"5 minutes\" \/>\n<script type=\"application\/ld+json\" class=\"yoast-schema-graph\">{\"@context\":\"https:\/\/schema.org\",\"@graph\":[{\"@type\":\"Article\",\"@id\":\"https:\/\/dieze13.com\/blog\/la-buche-de-noel-pralinee-noisette\/#article\",\"isPartOf\":{\"@id\":\"https:\/\/dieze13.com\/blog\/la-buche-de-noel-pralinee-noisette\/\"},\"author\":{\"name\":\"Marie\",\"@id\":\"https:\/\/dieze13.com\/blog\/#\/schema\/person\/5cf0acd276e3e6de727a9d5a3725aad9\"},\"headline\":\"La b\u00fbche de No\u00ebl pralin\u00e9e noisette\",\"datePublished\":\"2021-12-27T21:55:42+00:00\",\"dateModified\":\"2022-03-28T20:56:08+00:00\",\"mainEntityOfPage\":{\"@id\":\"https:\/\/dieze13.com\/blog\/la-buche-de-noel-pralinee-noisette\/\"},\"wordCount\":882,\"commentCount\":0,\"publisher\":{\"@id\":\"https:\/\/dieze13.com\/blog\/#\/schema\/person\/5cf0acd276e3e6de727a9d5a3725aad9\"},\"image\":{\"@id\":\"https:\/\/dieze13.com\/blog\/la-buche-de-noel-pralinee-noisette\/#primaryimage\"},\"thumbnailUrl\":\"https:\/\/dieze13.com\/blog\/wp-content\/uploads\/2021\/12\/Buchedenoelpralineenoisette2-scaled.jpg\",\"keywords\":[\"buche\",\"entremet\",\"noel\",\"noisette\",\"pralin\u00e9\"],\"articleSection\":[\"No\u00ebl\",\"\ud83c\udf84No\u00ebl\"],\"inLanguage\":\"fr-FR\",\"potentialAction\":[{\"@type\":\"CommentAction\",\"name\":\"Comment\",\"target\":[\"https:\/\/dieze13.com\/blog\/la-buche-de-noel-pralinee-noisette\/#respond\"]}]},{\"@type\":\"WebPage\",\"@id\":\"https:\/\/dieze13.com\/blog\/la-buche-de-noel-pralinee-noisette\/\",\"url\":\"https:\/\/dieze13.com\/blog\/la-buche-de-noel-pralinee-noisette\/\",\"name\":\"La b\u00fbche de No\u00ebl pralin\u00e9e noisette\",\"isPartOf\":{\"@id\":\"https:\/\/dieze13.com\/blog\/#website\"},\"primaryImageOfPage\":{\"@id\":\"https:\/\/dieze13.com\/blog\/la-buche-de-noel-pralinee-noisette\/#primaryimage\"},\"image\":{\"@id\":\"https:\/\/dieze13.com\/blog\/la-buche-de-noel-pralinee-noisette\/#primaryimage\"},\"thumbnailUrl\":\"https:\/\/dieze13.com\/blog\/wp-content\/uploads\/2021\/12\/Buchedenoelpralineenoisette2-scaled.jpg\",\"datePublished\":\"2021-12-27T21:55:42+00:00\",\"dateModified\":\"2022-03-28T20:56:08+00:00\",\"description\":\"La recette de la b\u00fbche de no\u00ebl pralin\u00e9e noisettes est un retour garanti en enfance, avec l'avantage de pouvoir \u00eatre pr\u00e9par\u00e9e en avance.\",\"breadcrumb\":{\"@id\":\"https:\/\/dieze13.com\/blog\/la-buche-de-noel-pralinee-noisette\/#breadcrumb\"},\"inLanguage\":\"fr-FR\",\"potentialAction\":[{\"@type\":\"ReadAction\",\"target\":[\"https:\/\/dieze13.com\/blog\/la-buche-de-noel-pralinee-noisette\/\"]}]},{\"@type\":\"ImageObject\",\"inLanguage\":\"fr-FR\",\"@id\":\"https:\/\/dieze13.com\/blog\/la-buche-de-noel-pralinee-noisette\/#primaryimage\",\"url\":\"https:\/\/dieze13.com\/blog\/wp-content\/uploads\/2021\/12\/Buchedenoelpralineenoisette2-scaled.jpg\",\"contentUrl\":\"https:\/\/dieze13.com\/blog\/wp-content\/uploads\/2021\/12\/Buchedenoelpralineenoisette2-scaled.jpg\",\"width\":2560,\"height\":2560,\"caption\":\"Buche de No\u00ebl vue de haut\"},{\"@type\":\"BreadcrumbList\",\"@id\":\"https:\/\/dieze13.com\/blog\/la-buche-de-noel-pralinee-noisette\/#breadcrumb\",\"itemListElement\":[{\"@type\":\"ListItem\",\"position\":1,\"name\":\"Accueil\",\"item\":\"https:\/\/dieze13.com\/blog\/\"},{\"@type\":\"ListItem\",\"position\":2,\"name\":\"La b\u00fbche de No\u00ebl pralin\u00e9e noisette\"}]},{\"@type\":\"WebSite\",\"@id\":\"https:\/\/dieze13.com\/blog\/#website\",\"url\":\"https:\/\/dieze13.com\/blog\/\",\"name\":\"Gourmandises dans la cuisine\",\"description\":\"\",\"publisher\":{\"@id\":\"https:\/\/dieze13.com\/blog\/#\/schema\/person\/5cf0acd276e3e6de727a9d5a3725aad9\"},\"potentialAction\":[{\"@type\":\"SearchAction\",\"target\":{\"@type\":\"EntryPoint\",\"urlTemplate\":\"https:\/\/dieze13.com\/blog\/?s={search_term_string}\"},\"query-input\":{\"@type\":\"PropertyValueSpecification\",\"valueRequired\":true,\"valueName\":\"search_term_string\"}}],\"inLanguage\":\"fr-FR\"},{\"@type\":[\"Person\",\"Organization\"],\"@id\":\"https:\/\/dieze13.com\/blog\/#\/schema\/person\/5cf0acd276e3e6de727a9d5a3725aad9\",\"name\":\"Marie\",\"image\":{\"@type\":\"ImageObject\",\"inLanguage\":\"fr-FR\",\"@id\":\"https:\/\/dieze13.com\/blog\/#\/schema\/person\/image\/\",\"url\":\"https:\/\/dieze13.com\/blog\/wp-content\/uploads\/2020\/11\/cropped-cropped-cropped-cropped-Logo-Site-e1606683405507.png\",\"contentUrl\":\"https:\/\/dieze13.com\/blog\/wp-content\/uploads\/2020\/11\/cropped-cropped-cropped-cropped-Logo-Site-e1606683405507.png\",\"width\":70,\"height\":70,\"caption\":\"Marie\"},\"logo\":{\"@id\":\"https:\/\/dieze13.com\/blog\/#\/schema\/person\/image\/\"}}]}<\/script>\n<!-- \/ Yoast SEO plugin. -->","yoast_head_json":{"title":"La b\u00fbche de No\u00ebl pralin\u00e9e noisette","description":"La recette de la b\u00fbche de no\u00ebl pralin\u00e9e noisettes est un retour garanti en enfance, avec l'avantage de pouvoir \u00eatre pr\u00e9par\u00e9e en avance.","robots":{"index":"index","follow":"follow","max-snippet":"max-snippet:-1","max-image-preview":"max-image-preview:large","max-video-preview":"max-video-preview:-1"},"canonical":"https:\/\/dieze13.com\/blog\/la-buche-de-noel-pralinee-noisette\/","og_locale":"fr_FR","og_type":"article","og_title":"La b\u00fbche de No\u00ebl pralin\u00e9e noisette","og_description":"La recette de la b\u00fbche de no\u00ebl pralin\u00e9e noisettes est un retour garanti en enfance, avec l'avantage de pouvoir \u00eatre pr\u00e9par\u00e9e en avance.","og_url":"https:\/\/dieze13.com\/blog\/la-buche-de-noel-pralinee-noisette\/","og_site_name":"Gourmandises dans la cuisine","article_published_time":"2021-12-27T21:55:42+00:00","article_modified_time":"2022-03-28T20:56:08+00:00","og_image":[{"width":2560,"height":2560,"url":"https:\/\/dieze13.com\/blog\/wp-content\/uploads\/2021\/12\/Buchedenoelpralineenoisette2-scaled.jpg","type":"image\/jpeg"}],"author":"Marie","twitter_card":"summary_large_image","twitter_misc":{"\u00c9crit par":"Marie","Dur\u00e9e de lecture estim\u00e9e":"5 minutes"},"schema":{"@context":"https:\/\/schema.org","@graph":[{"@type":"Article","@id":"https:\/\/dieze13.com\/blog\/la-buche-de-noel-pralinee-noisette\/#article","isPartOf":{"@id":"https:\/\/dieze13.com\/blog\/la-buche-de-noel-pralinee-noisette\/"},"author":{"name":"Marie","@id":"https:\/\/dieze13.com\/blog\/#\/schema\/person\/5cf0acd276e3e6de727a9d5a3725aad9"},"headline":"La b\u00fbche de No\u00ebl pralin\u00e9e noisette","datePublished":"2021-12-27T21:55:42+00:00","dateModified":"2022-03-28T20:56:08+00:00","mainEntityOfPage":{"@id":"https:\/\/dieze13.com\/blog\/la-buche-de-noel-pralinee-noisette\/"},"wordCount":882,"commentCount":0,"publisher":{"@id":"https:\/\/dieze13.com\/blog\/#\/schema\/person\/5cf0acd276e3e6de727a9d5a3725aad9"},"image":{"@id":"https:\/\/dieze13.com\/blog\/la-buche-de-noel-pralinee-noisette\/#primaryimage"},"thumbnailUrl":"https:\/\/dieze13.com\/blog\/wp-content\/uploads\/2021\/12\/Buchedenoelpralineenoisette2-scaled.jpg","keywords":["buche","entremet","noel","noisette","pralin\u00e9"],"articleSection":["No\u00ebl","\ud83c\udf84No\u00ebl"],"inLanguage":"fr-FR","potentialAction":[{"@type":"CommentAction","name":"Comment","target":["https:\/\/dieze13.com\/blog\/la-buche-de-noel-pralinee-noisette\/#respond"]}]},{"@type":"WebPage","@id":"https:\/\/dieze13.com\/blog\/la-buche-de-noel-pralinee-noisette\/","url":"https:\/\/dieze13.com\/blog\/la-buche-de-noel-pralinee-noisette\/","name":"La b\u00fbche de No\u00ebl pralin\u00e9e noisette","isPartOf":{"@id":"https:\/\/dieze13.com\/blog\/#website"},"primaryImageOfPage":{"@id":"https:\/\/dieze13.com\/blog\/la-buche-de-noel-pralinee-noisette\/#primaryimage"},"image":{"@id":"https:\/\/dieze13.com\/blog\/la-buche-de-noel-pralinee-noisette\/#primaryimage"},"thumbnailUrl":"https:\/\/dieze13.com\/blog\/wp-content\/uploads\/2021\/12\/Buchedenoelpralineenoisette2-scaled.jpg","datePublished":"2021-12-27T21:55:42+00:00","dateModified":"2022-03-28T20:56:08+00:00","description":"La recette de la b\u00fbche de no\u00ebl pralin\u00e9e noisettes est un retour garanti en enfance, avec l'avantage de pouvoir \u00eatre pr\u00e9par\u00e9e en avance.","breadcrumb":{"@id":"https:\/\/dieze13.com\/blog\/la-buche-de-noel-pralinee-noisette\/#breadcrumb"},"inLanguage":"fr-FR","potentialAction":[{"@type":"ReadAction","target":["https:\/\/dieze13.com\/blog\/la-buche-de-noel-pralinee-noisette\/"]}]},{"@type":"ImageObject","inLanguage":"fr-FR","@id":"https:\/\/dieze13.com\/blog\/la-buche-de-noel-pralinee-noisette\/#primaryimage","url":"https:\/\/dieze13.com\/blog\/wp-content\/uploads\/2021\/12\/Buchedenoelpralineenoisette2-scaled.jpg","contentUrl":"https:\/\/dieze13.com\/blog\/wp-content\/uploads\/2021\/12\/Buchedenoelpralineenoisette2-scaled.jpg","width":2560,"height":2560,"caption":"Buche de No\u00ebl vue de haut"},{"@type":"BreadcrumbList","@id":"https:\/\/dieze13.com\/blog\/la-buche-de-noel-pralinee-noisette\/#breadcrumb","itemListElement":[{"@type":"ListItem","position":1,"name":"Accueil","item":"https:\/\/dieze13.com\/blog\/"},{"@type":"ListItem","position":2,"name":"La b\u00fbche de No\u00ebl pralin\u00e9e noisette"}]},{"@type":"WebSite","@id":"https:\/\/dieze13.com\/blog\/#website","url":"https:\/\/dieze13.com\/blog\/","name":"Gourmandises dans la cuisine","description":"","publisher":{"@id":"https:\/\/dieze13.com\/blog\/#\/schema\/person\/5cf0acd276e3e6de727a9d5a3725aad9"},"potentialAction":[{"@type":"SearchAction","target":{"@type":"EntryPoint","urlTemplate":"https:\/\/dieze13.com\/blog\/?s={search_term_string}"},"query-input":{"@type":"PropertyValueSpecification","valueRequired":true,"valueName":"search_term_string"}}],"inLanguage":"fr-FR"},{"@type":["Person","Organization"],"@id":"https:\/\/dieze13.com\/blog\/#\/schema\/person\/5cf0acd276e3e6de727a9d5a3725aad9","name":"Marie","image":{"@type":"ImageObject","inLanguage":"fr-FR","@id":"https:\/\/dieze13.com\/blog\/#\/schema\/person\/image\/","url":"https:\/\/dieze13.com\/blog\/wp-content\/uploads\/2020\/11\/cropped-cropped-cropped-cropped-Logo-Site-e1606683405507.png","contentUrl":"https:\/\/dieze13.com\/blog\/wp-content\/uploads\/2020\/11\/cropped-cropped-cropped-cropped-Logo-Site-e1606683405507.png","width":70,"height":70,"caption":"Marie"},"logo":{"@id":"https:\/\/dieze13.com\/blog\/#\/schema\/person\/image\/"}}]}},"_links":{"self":[{"href":"https:\/\/dieze13.com\/blog\/wp-json\/wp\/v2\/posts\/1644","targetHints":{"allow":["GET"]}}],"collection":[{"href":"https:\/\/dieze13.com\/blog\/wp-json\/wp\/v2\/posts"}],"about":[{"href":"https:\/\/dieze13.com\/blog\/wp-json\/wp\/v2\/types\/post"}],"author":[{"embeddable":true,"href":"https:\/\/dieze13.com\/blog\/wp-json\/wp\/v2\/users\/1"}],"replies":[{"embeddable":true,"href":"https:\/\/dieze13.com\/blog\/wp-json\/wp\/v2\/comments?post=1644"}],"version-history":[{"count":8,"href":"https:\/\/dieze13.com\/blog\/wp-json\/wp\/v2\/posts\/1644\/revisions"}],"predecessor-version":[{"id":1655,"href":"https:\/\/dieze13.com\/blog\/wp-json\/wp\/v2\/posts\/1644\/revisions\/1655"}],"wp:featuredmedia":[{"embeddable":true,"href":"https:\/\/dieze13.com\/blog\/wp-json\/wp\/v2\/media\/1648"}],"wp:attachment":[{"href":"https:\/\/dieze13.com\/blog\/wp-json\/wp\/v2\/media?parent=1644"}],"wp:term":[{"taxonomy":"category","embeddable":true,"href":"https:\/\/dieze13.com\/blog\/wp-json\/wp\/v2\/categories?post=1644"},{"taxonomy":"post_tag","embeddable":true,"href":"https:\/\/dieze13.com\/blog\/wp-json\/wp\/v2\/tags?post=1644"}],"curies":[{"name":"wp","href":"https:\/\/api.w.org\/{rel}","templated":true}]}}