{"id":830,"date":"2020-12-23T21:35:15","date_gmt":"2020-12-23T20:35:15","guid":{"rendered":"https:\/\/dieze13.com\/blog\/?p=830"},"modified":"2020-12-23T21:45:57","modified_gmt":"2020-12-23T20:45:57","slug":"buche-de-noel","status":"publish","type":"post","link":"https:\/\/dieze13.com\/blog\/buche-de-noel\/","title":{"rendered":"#23 \u2728 La b\u00fbche de mon enfance au pralin\u00e9 \u2728"},"content":{"rendered":"\n<p>J-1 avant No\u00ebl ! Je ne pouvais pas imaginer un calendrier de l&rsquo;avent des gourmandises sans pr\u00e9senter la b\u00fbche de mon enfance. Ma maman la faisait \u00e0 chaque No\u00ebl et ce sont de tendres souvenirs qui remontent \u00e0 chaque bouch\u00e9e.<\/p>\n\n\n\n<p>Une gourmande cr\u00e8me au beurre pralin\u00e9e garnit le biscuit roul\u00e9, et hop on d\u00e9core de jolis champignons, le tour est jou\u00e9.<\/p>\n\n\n\n<p>Il faut tr\u00e8s peu d&rsquo;ingr\u00e9dients pour la r\u00e9aliser, et tout peut \u00eatre fait le jour m\u00eame.<\/p>\n\n\n\n<h3 class=\"wp-block-heading\">Les ingr\u00e9dients et les pr\u00e9parations de la b\u00fbche de mon enfance : <\/h3>\n\n\n\n<h4 class=\"wp-block-heading\">La cr\u00e8me au beurre :<\/h4>\n\n\n\n<figure class=\"wp-block-table\"><table class=\"has-subtle-pale-blue-background-color has-fixed-layout has-background\"><thead><tr><th>Ingr\u00e9dients<\/th><th>Etapes de la pr\u00e9paration<\/th><\/tr><\/thead><tbody><tr><td>&#8211; 125g de beurre bien ramolli<br>&#8211; 200g de chocolat pralin\u00e9 nestl\u00e9 dessert<\/td><td>1. Faites fondre le pralin\u00e9 au bain marie<br>2. Ajoutez-y le beurre coup\u00e9 en morceaux et m\u00e9langez jusqu&rsquo;\u00e0 avoir une consistance homog\u00e8ne<br>3. R\u00e9servez au frais<\/td><\/tr><\/tbody><\/table><\/figure>\n\n\n\n<h4 class=\"wp-block-heading\">Le biscuit roul\u00e9 : <\/h4>\n\n\n\n<p>Cette recette est ultra rapide, je la r\u00e9alise \u00e0 chaque fois que j&rsquo;ai besoin d&rsquo;un biscuit roul\u00e9. <\/p>\n\n\n\n<figure class=\"wp-block-table\"><table class=\"has-subtle-pale-green-background-color has-fixed-layout has-background\"><thead><tr><th>Ingr\u00e9dients<\/th><th>Etapes de la pr\u00e9paration<\/th><\/tr><\/thead><tbody><tr><td>&#8211; 4 oeufs<br>&#8211; 100g de sucre semoule<br>&#8211; 100g de farine<\/td><td>1. Fouettez \u00e0 vitesse maximale les oeufs et le sucre au batteur exactement 10 minutes : le m\u00e9lange va mousser et doubler de volume.<br>2. Arr\u00eatez le fouet et incorporez d\u00e9licatement la farine \u00e0 la Maryse en prenant bien soin de ne pas laisser la farine s&rsquo;accumuler au fond de votre saladier.<br>3. Etalez la pr\u00e9paration sur une plaque pr\u00e9alablement recouverte de papier cuisson<br>4. Enfournez pour 11 minutes \u00e0 180\u00b0<br>5.Humidifiez un torchon propre et \u00e9talez le sur le plan de travail, recouvrer d&rsquo;une feuille de papier cuisson<br>6. Une fois le biscuit cuit, sortez-le du four et retournez le sur le papier cuisson sur le torchon.<br>7. Roulez le biscuit sur lui-m\u00eame et enroulez votre coul\u00e9 dans le torchon humide<br>8. Laissez refroidir<br><\/td><\/tr><\/tbody><\/table><\/figure>\n\n\n\n<h3 class=\"wp-block-heading\">Le montage de la b\u00fbche : <\/h3>\n\n\n\n<ol class=\"wp-block-list\"><li>Etalez la cr\u00e8me au beurre pralin\u00e9e sur le biscuit pr\u00e9alablement d\u00e9roul\u00e9<\/li><li>Parsemez des \u00e9clats de pralin\u00e9 (facultatif) sur la cr\u00e8me au beurre<\/li><li>Roulez votre p\u00e2te sur elle-m\u00eame<\/li><li>Coupez les extr\u00e9mit\u00e9s pour avoir des bords propres<\/li><li>D\u00e9posez une des 2 extr\u00e9mit\u00e9s sur votre roul\u00e9 pour r\u00e9aliser le noeud de la b\u00fbche de bois<\/li><li>Recouvrez de cr\u00e8me au beurre \u00e0 l&rsquo;aide d&rsquo;une spatule et r\u00e9servez au frais<\/li><\/ol>\n\n\n\n<h3 class=\"wp-block-heading\">La d\u00e9coration de la b\u00fbche  :<\/h3>\n\n\n\n<ol class=\"wp-block-list\"><li>Une fois votre roul\u00e9 bien refroidi, \u00e0 l&rsquo;aide d&rsquo;une fourchette, striez votre b\u00fbche<\/li><li>Saupoudrez de sucre glace et \u00e9ventuellement de pralin<\/li><li>D\u00e9corez de petits champignons en sucre ou de petits chocolats, laissez parlez votre imagination !<\/li><li>Enfin, d\u00e9posez quelques paillettes pour faire la f\u00eate !<\/li><\/ol>\n\n\n\n<figure class=\"wp-block-gallery columns-2 is-cropped wp-block-gallery-1 is-layout-flex wp-block-gallery-is-layout-flex\"><ul class=\"blocks-gallery-grid\"><li class=\"blocks-gallery-item\"><figure><a href=\"https:\/\/dieze13.com\/blog\/wp-content\/uploads\/2020\/12\/Buchedemonenfance-scaled.jpg\"><img loading=\"lazy\" decoding=\"async\" width=\"1024\" height=\"1024\" src=\"https:\/\/dieze13.com\/blog\/wp-content\/uploads\/2020\/12\/Buchedemonenfance-1024x1024.jpg\" alt=\"\" data-id=\"831\" data-full-url=\"https:\/\/dieze13.com\/blog\/wp-content\/uploads\/2020\/12\/Buchedemonenfance-scaled.jpg\" data-link=\"https:\/\/dieze13.com\/blog\/?attachment_id=831\" class=\"wp-image-831\" srcset=\"https:\/\/dieze13.com\/blog\/wp-content\/uploads\/2020\/12\/Buchedemonenfance-1024x1024.jpg 1024w, https:\/\/dieze13.com\/blog\/wp-content\/uploads\/2020\/12\/Buchedemonenfance-300x300.jpg 300w, https:\/\/dieze13.com\/blog\/wp-content\/uploads\/2020\/12\/Buchedemonenfance-150x150.jpg 150w, https:\/\/dieze13.com\/blog\/wp-content\/uploads\/2020\/12\/Buchedemonenfance-768x768.jpg 768w, https:\/\/dieze13.com\/blog\/wp-content\/uploads\/2020\/12\/Buchedemonenfance-595x595.jpg 595w, https:\/\/dieze13.com\/blog\/wp-content\/uploads\/2020\/12\/Buchedemonenfance-1536x1536.jpg 1536w, https:\/\/dieze13.com\/blog\/wp-content\/uploads\/2020\/12\/Buchedemonenfance-2048x2048.jpg 2048w, https:\/\/dieze13.com\/blog\/wp-content\/uploads\/2020\/12\/Buchedemonenfance-60x60.jpg 60w\" sizes=\"auto, (max-width: 1024px) 100vw, 1024px\" \/><\/a><\/figure><\/li><li class=\"blocks-gallery-item\"><figure><a href=\"https:\/\/dieze13.com\/blog\/wp-content\/uploads\/2020\/12\/Buchedemonenfance2-scaled.jpg\"><img loading=\"lazy\" decoding=\"async\" width=\"1024\" height=\"1024\" src=\"https:\/\/dieze13.com\/blog\/wp-content\/uploads\/2020\/12\/Buchedemonenfance2-1024x1024.jpg\" alt=\"\" data-id=\"832\" data-full-url=\"https:\/\/dieze13.com\/blog\/wp-content\/uploads\/2020\/12\/Buchedemonenfance2-scaled.jpg\" data-link=\"https:\/\/dieze13.com\/blog\/?attachment_id=832\" class=\"wp-image-832\" srcset=\"https:\/\/dieze13.com\/blog\/wp-content\/uploads\/2020\/12\/Buchedemonenfance2-1024x1024.jpg 1024w, https:\/\/dieze13.com\/blog\/wp-content\/uploads\/2020\/12\/Buchedemonenfance2-300x300.jpg 300w, https:\/\/dieze13.com\/blog\/wp-content\/uploads\/2020\/12\/Buchedemonenfance2-150x150.jpg 150w, https:\/\/dieze13.com\/blog\/wp-content\/uploads\/2020\/12\/Buchedemonenfance2-768x768.jpg 768w, https:\/\/dieze13.com\/blog\/wp-content\/uploads\/2020\/12\/Buchedemonenfance2-595x595.jpg 595w, https:\/\/dieze13.com\/blog\/wp-content\/uploads\/2020\/12\/Buchedemonenfance2-1536x1536.jpg 1536w, https:\/\/dieze13.com\/blog\/wp-content\/uploads\/2020\/12\/Buchedemonenfance2-2048x2048.jpg 2048w, https:\/\/dieze13.com\/blog\/wp-content\/uploads\/2020\/12\/Buchedemonenfance2-60x60.jpg 60w\" sizes=\"auto, (max-width: 1024px) 100vw, 1024px\" \/><\/a><\/figure><\/li><li class=\"blocks-gallery-item\"><figure><a href=\"https:\/\/dieze13.com\/blog\/wp-content\/uploads\/2020\/12\/Buchedemonenfance5-scaled.jpg\"><img loading=\"lazy\" decoding=\"async\" width=\"1024\" height=\"1024\" src=\"https:\/\/dieze13.com\/blog\/wp-content\/uploads\/2020\/12\/Buchedemonenfance5-1024x1024.jpg\" alt=\"\" data-id=\"835\" data-full-url=\"https:\/\/dieze13.com\/blog\/wp-content\/uploads\/2020\/12\/Buchedemonenfance5-scaled.jpg\" data-link=\"https:\/\/dieze13.com\/blog\/?attachment_id=835\" class=\"wp-image-835\" srcset=\"https:\/\/dieze13.com\/blog\/wp-content\/uploads\/2020\/12\/Buchedemonenfance5-1024x1024.jpg 1024w, https:\/\/dieze13.com\/blog\/wp-content\/uploads\/2020\/12\/Buchedemonenfance5-300x300.jpg 300w, https:\/\/dieze13.com\/blog\/wp-content\/uploads\/2020\/12\/Buchedemonenfance5-150x150.jpg 150w, https:\/\/dieze13.com\/blog\/wp-content\/uploads\/2020\/12\/Buchedemonenfance5-768x768.jpg 768w, https:\/\/dieze13.com\/blog\/wp-content\/uploads\/2020\/12\/Buchedemonenfance5-595x595.jpg 595w, https:\/\/dieze13.com\/blog\/wp-content\/uploads\/2020\/12\/Buchedemonenfance5-1536x1536.jpg 1536w, https:\/\/dieze13.com\/blog\/wp-content\/uploads\/2020\/12\/Buchedemonenfance5-2048x2048.jpg 2048w, https:\/\/dieze13.com\/blog\/wp-content\/uploads\/2020\/12\/Buchedemonenfance5-60x60.jpg 60w\" sizes=\"auto, (max-width: 1024px) 100vw, 1024px\" \/><\/a><\/figure><\/li><li class=\"blocks-gallery-item\"><figure><a href=\"https:\/\/dieze13.com\/blog\/wp-content\/uploads\/2020\/12\/Buchedemonenfance3-scaled.jpg\"><img loading=\"lazy\" decoding=\"async\" width=\"1024\" height=\"1024\" src=\"https:\/\/dieze13.com\/blog\/wp-content\/uploads\/2020\/12\/Buchedemonenfance3-1024x1024.jpg\" alt=\"\" data-id=\"833\" data-full-url=\"https:\/\/dieze13.com\/blog\/wp-content\/uploads\/2020\/12\/Buchedemonenfance3-scaled.jpg\" data-link=\"https:\/\/dieze13.com\/blog\/?attachment_id=833\" class=\"wp-image-833\" srcset=\"https:\/\/dieze13.com\/blog\/wp-content\/uploads\/2020\/12\/Buchedemonenfance3-1024x1024.jpg 1024w, https:\/\/dieze13.com\/blog\/wp-content\/uploads\/2020\/12\/Buchedemonenfance3-300x300.jpg 300w, https:\/\/dieze13.com\/blog\/wp-content\/uploads\/2020\/12\/Buchedemonenfance3-150x150.jpg 150w, https:\/\/dieze13.com\/blog\/wp-content\/uploads\/2020\/12\/Buchedemonenfance3-768x768.jpg 768w, https:\/\/dieze13.com\/blog\/wp-content\/uploads\/2020\/12\/Buchedemonenfance3-595x595.jpg 595w, https:\/\/dieze13.com\/blog\/wp-content\/uploads\/2020\/12\/Buchedemonenfance3-1536x1536.jpg 1536w, https:\/\/dieze13.com\/blog\/wp-content\/uploads\/2020\/12\/Buchedemonenfance3-2048x2048.jpg 2048w, https:\/\/dieze13.com\/blog\/wp-content\/uploads\/2020\/12\/Buchedemonenfance3-60x60.jpg 60w\" sizes=\"auto, (max-width: 1024px) 100vw, 1024px\" \/><\/a><\/figure><\/li><li class=\"blocks-gallery-item\"><figure><a href=\"https:\/\/dieze13.com\/blog\/wp-content\/uploads\/2020\/12\/Buchedemonenfance7-scaled.jpg\"><img loading=\"lazy\" decoding=\"async\" width=\"1024\" height=\"1024\" src=\"https:\/\/dieze13.com\/blog\/wp-content\/uploads\/2020\/12\/Buchedemonenfance7-1024x1024.jpg\" alt=\"\" data-id=\"837\" data-full-url=\"https:\/\/dieze13.com\/blog\/wp-content\/uploads\/2020\/12\/Buchedemonenfance7-scaled.jpg\" data-link=\"https:\/\/dieze13.com\/blog\/?attachment_id=837\" class=\"wp-image-837\" srcset=\"https:\/\/dieze13.com\/blog\/wp-content\/uploads\/2020\/12\/Buchedemonenfance7-1024x1024.jpg 1024w, https:\/\/dieze13.com\/blog\/wp-content\/uploads\/2020\/12\/Buchedemonenfance7-300x300.jpg 300w, https:\/\/dieze13.com\/blog\/wp-content\/uploads\/2020\/12\/Buchedemonenfance7-150x150.jpg 150w, https:\/\/dieze13.com\/blog\/wp-content\/uploads\/2020\/12\/Buchedemonenfance7-768x768.jpg 768w, https:\/\/dieze13.com\/blog\/wp-content\/uploads\/2020\/12\/Buchedemonenfance7-595x595.jpg 595w, https:\/\/dieze13.com\/blog\/wp-content\/uploads\/2020\/12\/Buchedemonenfance7-1536x1536.jpg 1536w, https:\/\/dieze13.com\/blog\/wp-content\/uploads\/2020\/12\/Buchedemonenfance7-2048x2048.jpg 2048w, https:\/\/dieze13.com\/blog\/wp-content\/uploads\/2020\/12\/Buchedemonenfance7-60x60.jpg 60w\" sizes=\"auto, (max-width: 1024px) 100vw, 1024px\" \/><\/a><\/figure><\/li><li class=\"blocks-gallery-item\"><figure><a href=\"https:\/\/dieze13.com\/blog\/wp-content\/uploads\/2020\/12\/Buchedemonenfance6-scaled.jpg\"><img loading=\"lazy\" decoding=\"async\" width=\"1024\" height=\"1024\" src=\"https:\/\/dieze13.com\/blog\/wp-content\/uploads\/2020\/12\/Buchedemonenfance6-1024x1024.jpg\" alt=\"\" data-id=\"836\" data-full-url=\"https:\/\/dieze13.com\/blog\/wp-content\/uploads\/2020\/12\/Buchedemonenfance6-scaled.jpg\" data-link=\"https:\/\/dieze13.com\/blog\/?attachment_id=836\" class=\"wp-image-836\" srcset=\"https:\/\/dieze13.com\/blog\/wp-content\/uploads\/2020\/12\/Buchedemonenfance6-1024x1024.jpg 1024w, https:\/\/dieze13.com\/blog\/wp-content\/uploads\/2020\/12\/Buchedemonenfance6-300x300.jpg 300w, https:\/\/dieze13.com\/blog\/wp-content\/uploads\/2020\/12\/Buchedemonenfance6-150x150.jpg 150w, https:\/\/dieze13.com\/blog\/wp-content\/uploads\/2020\/12\/Buchedemonenfance6-768x768.jpg 768w, https:\/\/dieze13.com\/blog\/wp-content\/uploads\/2020\/12\/Buchedemonenfance6-595x595.jpg 595w, https:\/\/dieze13.com\/blog\/wp-content\/uploads\/2020\/12\/Buchedemonenfance6-1536x1536.jpg 1536w, https:\/\/dieze13.com\/blog\/wp-content\/uploads\/2020\/12\/Buchedemonenfance6-2048x2048.jpg 2048w, https:\/\/dieze13.com\/blog\/wp-content\/uploads\/2020\/12\/Buchedemonenfance6-60x60.jpg 60w\" sizes=\"auto, (max-width: 1024px) 100vw, 1024px\" \/><\/a><\/figure><\/li><\/ul><\/figure>\n","protected":false},"excerpt":{"rendered":"<p>J-1 avant No\u00ebl ! Je ne pouvais pas imaginer un calendrier de l&rsquo;avent des gourmandises sans pr\u00e9senter la b\u00fbche de mon enfance. Ma maman la faisait \u00e0 chaque No\u00ebl et ce sont de tendres souvenirs qui remontent \u00e0 chaque bouch\u00e9e. Une gourmande cr\u00e8me au beurre pralin\u00e9e garnit le biscuit roul\u00e9, et hop on d\u00e9core de &hellip; <\/p>\n","protected":false},"author":1,"featured_media":833,"comment_status":"open","ping_status":"open","sticky":false,"template":"","format":"standard","meta":{"_monsterinsights_skip_tracking":false,"_monsterinsights_sitenote_active":false,"_monsterinsights_sitenote_note":"","_monsterinsights_sitenote_category":0,"footnotes":""},"categories":[53,180],"tags":[187,181,117,137,151,54],"class_list":["post-830","post","type-post","status-publish","format-standard","has-post-thumbnail","hentry","category-noel","category-calendrier-de-lavent","tag-buche-2","tag-calendrierdelavent","tag-dessert","tag-noel-2","tag-noel2020","tag-roule"],"yoast_head":"<!-- This site is optimized with the Yoast SEO plugin v24.9 - https:\/\/yoast.com\/wordpress\/plugins\/seo\/ -->\n<title>#23 \u2728 La b\u00fbche de mon enfance au pralin\u00e9 \u2728<\/title>\n<meta name=\"description\" content=\"J-1 avant le r\u00e9veillon ? Il est encore temps de r\u00e9aliser la b\u00fbche de no\u00ebl de mon enfance : biscuit roul\u00e9 et cr\u00e8me au beurre. R\u00e9galez-vous !\" \/>\n<meta name=\"robots\" content=\"index, follow, max-snippet:-1, max-image-preview:large, max-video-preview:-1\" \/>\n<link rel=\"canonical\" href=\"https:\/\/dieze13.com\/blog\/buche-de-noel\/\" \/>\n<meta property=\"og:locale\" content=\"fr_FR\" \/>\n<meta property=\"og:type\" content=\"article\" \/>\n<meta property=\"og:title\" content=\"#23 \u2728 La b\u00fbche de mon enfance au pralin\u00e9 \u2728\" \/>\n<meta property=\"og:description\" content=\"J-1 avant le r\u00e9veillon ? Il est encore temps de r\u00e9aliser la b\u00fbche de no\u00ebl de mon enfance : biscuit roul\u00e9 et cr\u00e8me au beurre. R\u00e9galez-vous !\" \/>\n<meta property=\"og:url\" content=\"https:\/\/dieze13.com\/blog\/buche-de-noel\/\" \/>\n<meta property=\"og:site_name\" content=\"Gourmandises dans la cuisine\" \/>\n<meta property=\"article:published_time\" content=\"2020-12-23T20:35:15+00:00\" \/>\n<meta property=\"article:modified_time\" content=\"2020-12-23T20:45:57+00:00\" \/>\n<meta property=\"og:image\" content=\"https:\/\/dieze13.com\/blog\/wp-content\/uploads\/2020\/12\/Buchedemonenfance3-scaled.jpg\" \/>\n\t<meta property=\"og:image:width\" content=\"2560\" \/>\n\t<meta property=\"og:image:height\" content=\"2560\" \/>\n\t<meta property=\"og:image:type\" content=\"image\/jpeg\" \/>\n<meta name=\"author\" content=\"Marie\" \/>\n<meta name=\"twitter:card\" content=\"summary_large_image\" \/>\n<meta name=\"twitter:label1\" content=\"\u00c9crit par\" \/>\n\t<meta name=\"twitter:data1\" content=\"Marie\" \/>\n\t<meta name=\"twitter:label2\" content=\"Dur\u00e9e de lecture estim\u00e9e\" \/>\n\t<meta name=\"twitter:data2\" content=\"2 minutes\" \/>\n<script type=\"application\/ld+json\" class=\"yoast-schema-graph\">{\"@context\":\"https:\/\/schema.org\",\"@graph\":[{\"@type\":\"Article\",\"@id\":\"https:\/\/dieze13.com\/blog\/buche-de-noel\/#article\",\"isPartOf\":{\"@id\":\"https:\/\/dieze13.com\/blog\/buche-de-noel\/\"},\"author\":{\"name\":\"Marie\",\"@id\":\"https:\/\/dieze13.com\/blog\/#\/schema\/person\/5cf0acd276e3e6de727a9d5a3725aad9\"},\"headline\":\"#23 \u2728 La b\u00fbche de mon enfance au pralin\u00e9 \u2728\",\"datePublished\":\"2020-12-23T20:35:15+00:00\",\"dateModified\":\"2020-12-23T20:45:57+00:00\",\"mainEntityOfPage\":{\"@id\":\"https:\/\/dieze13.com\/blog\/buche-de-noel\/\"},\"wordCount\":449,\"commentCount\":0,\"publisher\":{\"@id\":\"https:\/\/dieze13.com\/blog\/#\/schema\/person\/5cf0acd276e3e6de727a9d5a3725aad9\"},\"image\":{\"@id\":\"https:\/\/dieze13.com\/blog\/buche-de-noel\/#primaryimage\"},\"thumbnailUrl\":\"https:\/\/dieze13.com\/blog\/wp-content\/uploads\/2020\/12\/Buchedemonenfance3-scaled.jpg\",\"keywords\":[\"B\u00fbche\",\"Calendrierdelavent\",\"dessert\",\"No\u00ebl\",\"No\u00ebl2020\",\"roul\u00e9\"],\"articleSection\":[\"No\u00ebl\",\"\ud83c\udf84No\u00ebl\"],\"inLanguage\":\"fr-FR\",\"potentialAction\":[{\"@type\":\"CommentAction\",\"name\":\"Comment\",\"target\":[\"https:\/\/dieze13.com\/blog\/buche-de-noel\/#respond\"]}]},{\"@type\":\"WebPage\",\"@id\":\"https:\/\/dieze13.com\/blog\/buche-de-noel\/\",\"url\":\"https:\/\/dieze13.com\/blog\/buche-de-noel\/\",\"name\":\"#23 \u2728 La b\u00fbche de mon enfance au pralin\u00e9 \u2728\",\"isPartOf\":{\"@id\":\"https:\/\/dieze13.com\/blog\/#website\"},\"primaryImageOfPage\":{\"@id\":\"https:\/\/dieze13.com\/blog\/buche-de-noel\/#primaryimage\"},\"image\":{\"@id\":\"https:\/\/dieze13.com\/blog\/buche-de-noel\/#primaryimage\"},\"thumbnailUrl\":\"https:\/\/dieze13.com\/blog\/wp-content\/uploads\/2020\/12\/Buchedemonenfance3-scaled.jpg\",\"datePublished\":\"2020-12-23T20:35:15+00:00\",\"dateModified\":\"2020-12-23T20:45:57+00:00\",\"description\":\"J-1 avant le r\u00e9veillon ? Il est encore temps de r\u00e9aliser la b\u00fbche de no\u00ebl de mon enfance : biscuit roul\u00e9 et cr\u00e8me au beurre. R\u00e9galez-vous !\",\"breadcrumb\":{\"@id\":\"https:\/\/dieze13.com\/blog\/buche-de-noel\/#breadcrumb\"},\"inLanguage\":\"fr-FR\",\"potentialAction\":[{\"@type\":\"ReadAction\",\"target\":[\"https:\/\/dieze13.com\/blog\/buche-de-noel\/\"]}]},{\"@type\":\"ImageObject\",\"inLanguage\":\"fr-FR\",\"@id\":\"https:\/\/dieze13.com\/blog\/buche-de-noel\/#primaryimage\",\"url\":\"https:\/\/dieze13.com\/blog\/wp-content\/uploads\/2020\/12\/Buchedemonenfance3-scaled.jpg\",\"contentUrl\":\"https:\/\/dieze13.com\/blog\/wp-content\/uploads\/2020\/12\/Buchedemonenfance3-scaled.jpg\",\"width\":2560,\"height\":2560,\"caption\":\"Buche dans son plat\"},{\"@type\":\"BreadcrumbList\",\"@id\":\"https:\/\/dieze13.com\/blog\/buche-de-noel\/#breadcrumb\",\"itemListElement\":[{\"@type\":\"ListItem\",\"position\":1,\"name\":\"Accueil\",\"item\":\"https:\/\/dieze13.com\/blog\/\"},{\"@type\":\"ListItem\",\"position\":2,\"name\":\"#23 \u2728 La b\u00fbche de mon enfance au pralin\u00e9 \u2728\"}]},{\"@type\":\"WebSite\",\"@id\":\"https:\/\/dieze13.com\/blog\/#website\",\"url\":\"https:\/\/dieze13.com\/blog\/\",\"name\":\"Gourmandises dans la cuisine\",\"description\":\"\",\"publisher\":{\"@id\":\"https:\/\/dieze13.com\/blog\/#\/schema\/person\/5cf0acd276e3e6de727a9d5a3725aad9\"},\"potentialAction\":[{\"@type\":\"SearchAction\",\"target\":{\"@type\":\"EntryPoint\",\"urlTemplate\":\"https:\/\/dieze13.com\/blog\/?s={search_term_string}\"},\"query-input\":{\"@type\":\"PropertyValueSpecification\",\"valueRequired\":true,\"valueName\":\"search_term_string\"}}],\"inLanguage\":\"fr-FR\"},{\"@type\":[\"Person\",\"Organization\"],\"@id\":\"https:\/\/dieze13.com\/blog\/#\/schema\/person\/5cf0acd276e3e6de727a9d5a3725aad9\",\"name\":\"Marie\",\"image\":{\"@type\":\"ImageObject\",\"inLanguage\":\"fr-FR\",\"@id\":\"https:\/\/dieze13.com\/blog\/#\/schema\/person\/image\/\",\"url\":\"https:\/\/dieze13.com\/blog\/wp-content\/uploads\/2020\/11\/cropped-cropped-cropped-cropped-Logo-Site-e1606683405507.png\",\"contentUrl\":\"https:\/\/dieze13.com\/blog\/wp-content\/uploads\/2020\/11\/cropped-cropped-cropped-cropped-Logo-Site-e1606683405507.png\",\"width\":70,\"height\":70,\"caption\":\"Marie\"},\"logo\":{\"@id\":\"https:\/\/dieze13.com\/blog\/#\/schema\/person\/image\/\"}}]}<\/script>\n<!-- \/ Yoast SEO plugin. -->","yoast_head_json":{"title":"#23 \u2728 La b\u00fbche de mon enfance au pralin\u00e9 \u2728","description":"J-1 avant le r\u00e9veillon ? Il est encore temps de r\u00e9aliser la b\u00fbche de no\u00ebl de mon enfance : biscuit roul\u00e9 et cr\u00e8me au beurre. R\u00e9galez-vous !","robots":{"index":"index","follow":"follow","max-snippet":"max-snippet:-1","max-image-preview":"max-image-preview:large","max-video-preview":"max-video-preview:-1"},"canonical":"https:\/\/dieze13.com\/blog\/buche-de-noel\/","og_locale":"fr_FR","og_type":"article","og_title":"#23 \u2728 La b\u00fbche de mon enfance au pralin\u00e9 \u2728","og_description":"J-1 avant le r\u00e9veillon ? Il est encore temps de r\u00e9aliser la b\u00fbche de no\u00ebl de mon enfance : biscuit roul\u00e9 et cr\u00e8me au beurre. R\u00e9galez-vous !","og_url":"https:\/\/dieze13.com\/blog\/buche-de-noel\/","og_site_name":"Gourmandises dans la cuisine","article_published_time":"2020-12-23T20:35:15+00:00","article_modified_time":"2020-12-23T20:45:57+00:00","og_image":[{"width":2560,"height":2560,"url":"https:\/\/dieze13.com\/blog\/wp-content\/uploads\/2020\/12\/Buchedemonenfance3-scaled.jpg","type":"image\/jpeg"}],"author":"Marie","twitter_card":"summary_large_image","twitter_misc":{"\u00c9crit par":"Marie","Dur\u00e9e de lecture estim\u00e9e":"2 minutes"},"schema":{"@context":"https:\/\/schema.org","@graph":[{"@type":"Article","@id":"https:\/\/dieze13.com\/blog\/buche-de-noel\/#article","isPartOf":{"@id":"https:\/\/dieze13.com\/blog\/buche-de-noel\/"},"author":{"name":"Marie","@id":"https:\/\/dieze13.com\/blog\/#\/schema\/person\/5cf0acd276e3e6de727a9d5a3725aad9"},"headline":"#23 \u2728 La b\u00fbche de mon enfance au pralin\u00e9 \u2728","datePublished":"2020-12-23T20:35:15+00:00","dateModified":"2020-12-23T20:45:57+00:00","mainEntityOfPage":{"@id":"https:\/\/dieze13.com\/blog\/buche-de-noel\/"},"wordCount":449,"commentCount":0,"publisher":{"@id":"https:\/\/dieze13.com\/blog\/#\/schema\/person\/5cf0acd276e3e6de727a9d5a3725aad9"},"image":{"@id":"https:\/\/dieze13.com\/blog\/buche-de-noel\/#primaryimage"},"thumbnailUrl":"https:\/\/dieze13.com\/blog\/wp-content\/uploads\/2020\/12\/Buchedemonenfance3-scaled.jpg","keywords":["B\u00fbche","Calendrierdelavent","dessert","No\u00ebl","No\u00ebl2020","roul\u00e9"],"articleSection":["No\u00ebl","\ud83c\udf84No\u00ebl"],"inLanguage":"fr-FR","potentialAction":[{"@type":"CommentAction","name":"Comment","target":["https:\/\/dieze13.com\/blog\/buche-de-noel\/#respond"]}]},{"@type":"WebPage","@id":"https:\/\/dieze13.com\/blog\/buche-de-noel\/","url":"https:\/\/dieze13.com\/blog\/buche-de-noel\/","name":"#23 \u2728 La b\u00fbche de mon enfance au pralin\u00e9 \u2728","isPartOf":{"@id":"https:\/\/dieze13.com\/blog\/#website"},"primaryImageOfPage":{"@id":"https:\/\/dieze13.com\/blog\/buche-de-noel\/#primaryimage"},"image":{"@id":"https:\/\/dieze13.com\/blog\/buche-de-noel\/#primaryimage"},"thumbnailUrl":"https:\/\/dieze13.com\/blog\/wp-content\/uploads\/2020\/12\/Buchedemonenfance3-scaled.jpg","datePublished":"2020-12-23T20:35:15+00:00","dateModified":"2020-12-23T20:45:57+00:00","description":"J-1 avant le r\u00e9veillon ? Il est encore temps de r\u00e9aliser la b\u00fbche de no\u00ebl de mon enfance : biscuit roul\u00e9 et cr\u00e8me au beurre. R\u00e9galez-vous !","breadcrumb":{"@id":"https:\/\/dieze13.com\/blog\/buche-de-noel\/#breadcrumb"},"inLanguage":"fr-FR","potentialAction":[{"@type":"ReadAction","target":["https:\/\/dieze13.com\/blog\/buche-de-noel\/"]}]},{"@type":"ImageObject","inLanguage":"fr-FR","@id":"https:\/\/dieze13.com\/blog\/buche-de-noel\/#primaryimage","url":"https:\/\/dieze13.com\/blog\/wp-content\/uploads\/2020\/12\/Buchedemonenfance3-scaled.jpg","contentUrl":"https:\/\/dieze13.com\/blog\/wp-content\/uploads\/2020\/12\/Buchedemonenfance3-scaled.jpg","width":2560,"height":2560,"caption":"Buche dans son plat"},{"@type":"BreadcrumbList","@id":"https:\/\/dieze13.com\/blog\/buche-de-noel\/#breadcrumb","itemListElement":[{"@type":"ListItem","position":1,"name":"Accueil","item":"https:\/\/dieze13.com\/blog\/"},{"@type":"ListItem","position":2,"name":"#23 \u2728 La b\u00fbche de mon enfance au pralin\u00e9 \u2728"}]},{"@type":"WebSite","@id":"https:\/\/dieze13.com\/blog\/#website","url":"https:\/\/dieze13.com\/blog\/","name":"Gourmandises dans la cuisine","description":"","publisher":{"@id":"https:\/\/dieze13.com\/blog\/#\/schema\/person\/5cf0acd276e3e6de727a9d5a3725aad9"},"potentialAction":[{"@type":"SearchAction","target":{"@type":"EntryPoint","urlTemplate":"https:\/\/dieze13.com\/blog\/?s={search_term_string}"},"query-input":{"@type":"PropertyValueSpecification","valueRequired":true,"valueName":"search_term_string"}}],"inLanguage":"fr-FR"},{"@type":["Person","Organization"],"@id":"https:\/\/dieze13.com\/blog\/#\/schema\/person\/5cf0acd276e3e6de727a9d5a3725aad9","name":"Marie","image":{"@type":"ImageObject","inLanguage":"fr-FR","@id":"https:\/\/dieze13.com\/blog\/#\/schema\/person\/image\/","url":"https:\/\/dieze13.com\/blog\/wp-content\/uploads\/2020\/11\/cropped-cropped-cropped-cropped-Logo-Site-e1606683405507.png","contentUrl":"https:\/\/dieze13.com\/blog\/wp-content\/uploads\/2020\/11\/cropped-cropped-cropped-cropped-Logo-Site-e1606683405507.png","width":70,"height":70,"caption":"Marie"},"logo":{"@id":"https:\/\/dieze13.com\/blog\/#\/schema\/person\/image\/"}}]}},"_links":{"self":[{"href":"https:\/\/dieze13.com\/blog\/wp-json\/wp\/v2\/posts\/830","targetHints":{"allow":["GET"]}}],"collection":[{"href":"https:\/\/dieze13.com\/blog\/wp-json\/wp\/v2\/posts"}],"about":[{"href":"https:\/\/dieze13.com\/blog\/wp-json\/wp\/v2\/types\/post"}],"author":[{"embeddable":true,"href":"https:\/\/dieze13.com\/blog\/wp-json\/wp\/v2\/users\/1"}],"replies":[{"embeddable":true,"href":"https:\/\/dieze13.com\/blog\/wp-json\/wp\/v2\/comments?post=830"}],"version-history":[{"count":4,"href":"https:\/\/dieze13.com\/blog\/wp-json\/wp\/v2\/posts\/830\/revisions"}],"predecessor-version":[{"id":842,"href":"https:\/\/dieze13.com\/blog\/wp-json\/wp\/v2\/posts\/830\/revisions\/842"}],"wp:featuredmedia":[{"embeddable":true,"href":"https:\/\/dieze13.com\/blog\/wp-json\/wp\/v2\/media\/833"}],"wp:attachment":[{"href":"https:\/\/dieze13.com\/blog\/wp-json\/wp\/v2\/media?parent=830"}],"wp:term":[{"taxonomy":"category","embeddable":true,"href":"https:\/\/dieze13.com\/blog\/wp-json\/wp\/v2\/categories?post=830"},{"taxonomy":"post_tag","embeddable":true,"href":"https:\/\/dieze13.com\/blog\/wp-json\/wp\/v2\/tags?post=830"}],"curies":[{"name":"wp","href":"https:\/\/api.w.org\/{rel}","templated":true}]}}